{"2392746":{"titulo":"Vojvoda faz balan\u00e7o sobre trabalho e projeta futuro do Santos","link":"https:\/\/www.futebolinterior.com.br\/vojvoda-faz-balanco-sobre-trabalho-e-projeta-futuro-do-santos\/","chapeu":"LI\u00c7\u00c3O","data":"07\/12\/2025","imagem":"https:\/\/images.futebolinterior.com.br\/2025\/12\/54970415730_45ddc9b9d2_o-300x200.webp","resumo":"\"Se queremos planejar o futuro, temos que come\u00e7ar com uma base e essa base \u00e9 a humildade.\""},"2392740":{"titulo":"Rony lamenta temporada frustrante do Atl\u00e9tico-MG e mira rea\u00e7\u00e3o em 2026","link":"https:\/\/www.futebolinterior.com.br\/rony-lamenta-temporada-frustrante-do-atletico-mg-e-mira-reacao-em-2026\/","chapeu":"ABAIXO","data":"07\/12\/2025","imagem":"https:\/\/images.futebolinterior.com.br\/2025\/12\/54969581051_bf8a07abca_o-300x200.webp","resumo":"\"Desde o dia em que eu cheguei ao clube, muito se falava em Copas e no Brasileiro, e muitas vezes deix\u00e1vamos a desejar\""},"2389400":{"titulo":"T\u00e9cnico do Bahia minimiza derrota: \"Agora \u00e9 planejar 2026\"","link":"https:\/\/www.futebolinterior.com.br\/tecnico-bahia-minimiza-derrota\/","chapeu":"PLANEJAR","data":"07\/12\/2025","imagem":"https:\/\/images.futebolinterior.com.br\/2025\/12\/rogerio-ceni-minimiza-derrota-bahia-300x219.webp","resumo":"Bahia \u00e9 derrotado em duelo direto por vaga na pr\u00f3xima Copa Libertadores e treinador come\u00e7a a projetar temporada"},"2392718":{"titulo":"Brasileir\u00e3o 2026: Veja os 20 clubes que v\u00e3o atr\u00e1s do t\u00edtulo","link":"https:\/\/www.futebolinterior.com.br\/brasileirao-2026-veja-os-20-clubes-que-vao-atras-do-titulo\/","chapeu":"20 TIMES","data":"07\/12\/2025","imagem":"https:\/\/images.futebolinterior.com.br\/2025\/12\/54969895483_0d9db7708e_k-300x200.webp","resumo":"A rodada confirmou a quinta vaga direta na Libertadores, os dois times na Pr\u00e9-Libertadores, as sete vagas na Copa sul-Americana e os quatro rebaixados para a S\u00e9rie B."},"2392717":{"titulo":"Dorival mira Copa do Brasil e se diz insatisfeito com campanha do Corinthians no Brasileiro","link":"https:\/\/www.futebolinterior.com.br\/dorival-mira-copa-do-brasil-e-se-diz-insatisfeito-com-campanha-do-corinthians-no-brasileiro\/","chapeu":"LAMENTOU","data":"07\/12\/2025","imagem":"https:\/\/images.futebolinterior.com.br\/2025\/12\/Screenshot_430-300x195.webp","resumo":"\"Temos consci\u00eancia de que poderia ser melhor\""},"2392719":{"titulo":"Botafogo \"sonha\" com vaga direta na Libertadores; Ancelotti crava perman\u00eancia em 2026","link":"https:\/\/www.futebolinterior.com.br\/botafogo-sonha-com-vaga-direta-na-libertadores-ancelotti-crava-permanencia-em-2026\/","chapeu":"AINDA D\u00c1","data":"07\/12\/2025","imagem":"https:\/\/images.futebolinterior.com.br\/2025\/12\/54970226303_0da71c8e76_o-300x200.webp","resumo":"A vaga na fase de grupos depende do t\u00edtulo da Copa do Brasil ficar com Fluminense ou Cruzeiro"},"2392702":{"titulo":"Clubes cearenses 'morrem abra\u00e7ados' na zona de rebaixamento","link":"https:\/\/www.futebolinterior.com.br\/clubes-cearenses-morrem-abracados-na-zona-de-rebaixamento\/","chapeu":"BLOG DO ARI","data":"07\/12\/2025","imagem":"https:\/\/images.futebolinterior.com.br\/2025\/12\/HLO9GUo2-Internacional-Carbonero-Ricardo-Duarte-300x136.webp","resumo":"Ora um clube aparecia como rebaixado, ora era outro. E assim, haja cora\u00e7\u00e3o dos torcedores envolvidos na tal zona da degola da competi\u00e7\u00e3o."},"2392370":{"titulo":"Abel Braga chora ap\u00f3s salvar Inter do rebaixamento: \"Mais importante que o mundial\"","link":"https:\/\/www.futebolinterior.com.br\/abel-braga-chora-apos-salvar-inter-do-rebaixamento-mais-importante-que-o-mundial\/","chapeu":"EMO\u00c7\u00c3O","data":"07\/12\/2025","imagem":"https:\/\/images.futebolinterior.com.br\/2025\/12\/54970279425_558996e892_o-300x200.webp","resumo":"O treinador de 73 anos destacou que evitar a queda foi \u201cmuito mais importante\u201d do que a conquista do Mundial de 2006"},"2392632":{"titulo":"Eles ficam! Santos, Inter e Vit\u00f3ria ditam a Sele\u00e7\u00e3o FI da \u00faltima rodada do Brasileir\u00e3o","link":"https:\/\/www.futebolinterior.com.br\/eles-ficam-santos-inter-e-vitoria-ditam-a-selecao-fi-da-ultima-rodada-do-brasileirao\/","chapeu":"OS SALVADORES","data":"07\/12\/2025","imagem":"https:\/\/images.futebolinterior.com.br\/2025\/12\/54970231744_97a3d2924a_o-300x200.webp","resumo":"Destaques para os times que se salvaram do rebaixamento, casos de Santos, Internacional e Vit\u00f3ria. "},"2392639":{"titulo":"Neymar n\u00e3o garante se fica no Santos e far\u00e1 nova cirurgia","link":"https:\/\/www.futebolinterior.com.br\/neymar-nao-garante-se-fica-no-santos-e-fara-nova-cirurgia\/","chapeu":"N\u00c3O SEI...","data":"07\/12\/2025","imagem":"https:\/\/images.futebolinterior.com.br\/2025\/12\/CEO-NR-Sports-confia-permanencia-Neymar-Santos-300x176.webp","resumo":"\"A gente foi coroado com a Sul-Americana por tudo que fizemos nos \u00faltimos jogos, era o que eu esperava desde o come\u00e7o\", declarou o camisa 10. "}}