{"2393186":{"titulo":"Leila critica Flamengo contra o sint\u00e9tico e BAP responde","link":"https:\/\/www.futebolinterior.com.br\/leila-critica-flamengo-sintetico-bap\/","chapeu":"BATE-LEVA","data":"08\/12\/2025","imagem":"https:\/\/images.futebolinterior.com.br\/2025\/11\/CesarGreco-LeilaPereira-300x162.webp","resumo":"Segundo Leila Pereira, a discuss\u00e3o dos gramados vem sendo pautada por clubismo. Ela citou o p\u00e9ssimo gramado do Maracan\u00e3, onde o Flamengo manda jogos."},"2393210":{"titulo":"Guanaes desbanca Filipe Lu\u00eds e Abel Ferreira como melhor t\u00e9cnico do Brasileir\u00e3o","link":"https:\/\/www.futebolinterior.com.br\/guanaes-desbanca-filipe-luis-e-abel-ferreira-e-leva-o-premio-de-melhor-tecnico-do-brasileirao\/","chapeu":"MERECIDO","data":"08\/12\/2025","imagem":"https:\/\/images.futebolinterior.com.br\/2025\/12\/54972843174_0754c8b363_o-300x200.webp","resumo":"O lateral-esquerdo Reinaldo, principal goleador do Mirassol com 13 gols, tamb\u00e9m foi escolhido para a sele\u00e7\u00e3o do campeonato"},"2393168":{"titulo":"Palmeiras fica no p\u00f3dio do Brasileir\u00e3o desde antes da chegada de Abel Ferreira","link":"https:\/\/www.futebolinterior.com.br\/palmeiras-fica-no-podio-do-brasileirao-desde-antes-da-chegada-de-abel-ferreira\/","chapeu":"FALA MUITO","data":"08\/12\/2025","imagem":"https:\/\/images.futebolinterior.com.br\/2025\/12\/07122025_cg_palmeiras_6880_47-300x169.webp","resumo":"Em tom efusivo contra a imprensa, Abel Ferreira exaltou o seu trabalho desde que chegou ao Palmeiras"},"2393151":{"titulo":"Com t\u00e9cnico do Mirassol e Flamengo dominante, CBF divulga sele\u00e7\u00e3o do Brasileir\u00e3o","link":"https:\/\/www.futebolinterior.com.br\/com-tecnico-do-mirassol-e-flamengo-dominante-cbf-divulga-selecao-do-brasileirao\/","chapeu":"A\u00cd SIM","data":"08\/12\/2025","imagem":"https:\/\/images.futebolinterior.com.br\/2025\/12\/54972875259_3fdcb3c05f_o-300x200.webp","resumo":"O melhor t\u00e9cnico foi Rafael Guanaes, do Mirassol, que desbancou Filipe Lu\u00eds, do Flamengo, e Abel Ferreira, do Palmeiras."},"2393175":{"titulo":"Flamengo aguarda renovar com Filipe Lu\u00eds at\u00e9 o Natal","link":"https:\/\/www.futebolinterior.com.br\/flamengo-filipe-luis\/","chapeu":"NEGOCIANDO","data":"08\/12\/2025","imagem":"https:\/\/images.futebolinterior.com.br\/2025\/12\/filipe-luis-Flamengo-300x187.webp","resumo":"\nO presidente do Flamengo, Bap, representou o clube na cerim\u00f4nia de encerramento do Campeonato Brasileiro"},"2393165":{"titulo":"C\u00e1ceres deixa o Vit\u00f3ria e confirma novo clube para 2026","link":"https:\/\/www.futebolinterior.com.br\/caceres-deixa-o-vitoria\/","chapeu":"SA\u00cdDA","data":"08\/12\/2025","imagem":"https:\/\/images.futebolinterior.com.br\/2025\/12\/Raul-Caceres-VIT-300x200.webp","resumo":"O Vit\u00f3ria garantiu sua perman\u00eancia na S\u00e9rie A ao vencer o S\u00e3o Paulo por 1 a 0 \n"},"2393121":{"titulo":"Ap\u00f3s ano marcado por les\u00f5es e turbul\u00eancias, dupla do S\u00e3o Paulo desabafa: \u201cO futebol d\u00e1 voltas\u201d","link":"https:\/\/www.futebolinterior.com.br\/apos-ano-marcado-por-lesoes-e-turbulencias-dupla-do-sao-paulo-desabafa-o-futebol-da-voltas\/","chapeu":"DESABAFO","data":"08\/12\/2025","imagem":"https:\/\/images.futebolinterior.com.br\/2025\/12\/Screenshot_431-300x200.webp","resumo":"A dupla desabafou sobre as graves les\u00f5es que sofreram"},"2393117":{"titulo":"Neymar faz desabafo ap\u00f3s jogar lesionado: 'Foi no limite'","link":"https:\/\/www.futebolinterior.com.br\/neymar-faz-desabafo\/","chapeu":"RECUPERA\u00c7\u00c3O","data":"08\/12\/2025","imagem":"https:\/\/images.futebolinterior.com.br\/2025\/12\/54970112211_4051b4f30c_k-300x200.webp","resumo":"Neymar desabafou em uma postagem feita nas redes sociais ap\u00f3s o Santos se livrar do rebaixamento "},"2393125":{"titulo":"Sport escolhe t\u00e9cnico e aguarda elei\u00e7\u00f5es para fazer proposta","link":"https:\/\/www.futebolinterior.com.br\/sport-escolhe-tecnico\/","chapeu":"PLANEJAMENTO","data":"08\/12\/2025","imagem":"https:\/\/images.futebolinterior.com.br\/2025\/12\/GaoeuBpX-Ilha-do-Retiro-300x167.webp","resumo":"A defini\u00e7\u00e3o do novo treinador do Sport \u00e9 tratada como prioridade\n"},"2393109":{"titulo":"Guanaes mant\u00e9m cautela para 2026 ap\u00f3s ano m\u00e1gico pelo Mirassol \"Objetivo \u00e9 ficar na S\u00e9rie A\"","link":"https:\/\/www.futebolinterior.com.br\/guanaes-projeta-2026-para-o-mirassol\/","chapeu":"P\u00c9S NO CH\u00c3O","data":"08\/12\/2025","imagem":"https:\/\/images.futebolinterior.com.br\/2025\/12\/Guanaes-projeta-2026-desafiador-no-Mirassol-300x170.webp","resumo":"Eleito melhor treinador no pr\u00eamio Bola de Prata, Rafael Guanaes celebrou a temporada hist\u00f3rica do Mirassol, mas tratou de frear qualquer euforia sobre o futuro."}}