{"2393562":{"titulo":"Athletico-PR trabalha para manter Odair diante do interesse do Inter","link":"https:\/\/www.futebolinterior.com.br\/athletico-pr-odair-inter\/","chapeu":"INTERESSE\t","data":"09\/12\/2025","imagem":"https:\/\/images.futebolinterior.com.br\/2025\/12\/Odair-Athletico-PR-300x169.webp","resumo":"O Athletico-PR acompanha com aten\u00e7\u00e3o a movimenta\u00e7\u00e3o do Internacional"},"2393543":{"titulo":"Volante do Atl\u00e9tico-MG recebe proposta do River Plate","link":"https:\/\/www.futebolinterior.com.br\/volante-atletico-mg-proposta-riverplate\/","chapeu":"NEGOCIANDO","data":"09\/12\/2025","imagem":"https:\/\/images.futebolinterior.com.br\/2025\/12\/54781299435-5e64cbd3d2-k-300x200.avif","resumo":"O Atl\u00e9tico-MG recebeu uma proposta oficial do River Plate para contar com Fausto Vera em 2026. O clube argentino quer o volante por empr\u00e9stimo, mas o Galo prefere fechar a negocia\u00e7\u00e3o em definitivo."},"2393486":{"titulo":"Bahia acerta renova\u00e7\u00e3o de Everton Ribeiro para 2026","link":"https:\/\/www.futebolinterior.com.br\/bahia-acerta-everton-ribeiro\/","chapeu":"FECHADO","data":"09\/12\/2025","imagem":"https:\/\/images.futebolinterior.com.br\/2025\/12\/Everton-Ribeiro-BAH-300x169.webp","resumo":"\nO Bahia encaminhou a perman\u00eancia de Everton Ribeiro para a temporada de 2026"},"2393471":{"titulo":"A m\u00edstica de Abel para salvar o Internacional da S\u00e9rie B em 2026","link":"https:\/\/www.futebolinterior.com.br\/a-mistica-de-abel-inter\/","chapeu":"HIST\u00d3RIA","data":"09\/12\/2025","imagem":"https:\/\/images.futebolinterior.com.br\/2025\/12\/54969082712_d7b828c617_c-300x200.webp","resumo":"Abel Braga utilizou diferentes elementos dentro e fora de campo para conduzir o Internacional \u00e0 perman\u00eancia"},"2393463":{"titulo":"F\u00e1bio Mota tenta reelei\u00e7\u00e3o no Vit\u00f3ria em disputa com Marcone Amaral","link":"https:\/\/www.futebolinterior.com.br\/fabio-mota-vitoria\/","chapeu":"ELEI\u00c7\u00d5ES","data":"09\/12\/2025","imagem":"https:\/\/images.futebolinterior.com.br\/2025\/12\/Fabio-Mota-Vitoria-300x200.webp","resumo":"As elei\u00e7\u00f5es para a presid\u00eancia do Vit\u00f3ria contam com duas chapas inscritas"},"2393388":{"titulo":"Abel Braga pagou sal\u00e1rios para salvar a Ponte Preta em 2003","link":"https:\/\/www.futebolinterior.com.br\/abel-braga-pagou-salarios-ponte-preta\/","chapeu":"RECORDAR \u00c9 VIVER","data":"09\/12\/2025","imagem":"https:\/\/images.futebolinterior.com.br\/2025\/12\/c6wy8ktjd2oysrsc85s6xbqlj-300x169.webp","resumo":"Abel Braga tirou do pr\u00f3prio bolso para ajudar os jogadores da Ponte Preta, e evitar o rebaixamento em 2003."},"2393375":{"titulo":"Juventude encaminha a contrata\u00e7\u00e3o do t\u00e9cnico Maur\u00edcio Barbieri","link":"https:\/\/www.futebolinterior.com.br\/juventude-contrata-tecnico-barbieri\/","chapeu":"AQUELE!","data":"09\/12\/2025","imagem":"https:\/\/images.futebolinterior.com.br\/2025\/12\/whatsapp-image-2025-04-06-at-14.14.42-300x184.avif","resumo":"Em 2026, o Juventude disputar\u00e1 o Campeonato Ga\u00facho, a Copa Sul-Sudeste (nova competi\u00e7\u00e3o da CBF), a Copa do Brasil e a S\u00e9rie B do Campeonato Brasileiro."},"2393283":{"titulo":"Mano Menezes confirma sa\u00edda e encerra ciclo no Gr\u00eamio","link":"https:\/\/www.futebolinterior.com.br\/mano-menezes-confirma-saida-gremio\/","chapeu":"N\u00c3O FICA!","data":"09\/12\/2025","imagem":"https:\/\/images.futebolinterior.com.br\/2025\/12\/Mano-Menezes-anuncia-despedida-e-encerra-ciclo-no-Gremio-300x167.webp","resumo":"Sem Mano Menezes, o clube se movimenta nos bastidores para decidir o pr\u00f3ximo nome que ocupar\u00e1 a vaga no in\u00edcio de 2026"},"2393280":{"titulo":"Remo encaminha acerto com Matheus Bianqui, do Mirassol","link":"https:\/\/www.futebolinterior.com.br\/remo-encaminha-acerto-matheus-bianqui\/","chapeu":"QUASE CERTO","data":"09\/12\/2025","imagem":"https:\/\/images.futebolinterior.com.br\/2025\/12\/Remo-encaminha-acerto-com-Matheus-Bianqui-300x171.webp","resumo":"Aos 27 anos, Bianqui est\u00e1 pr\u00f3ximo de assinar com o Le\u00e3o Azul ap\u00f3s defender o Mirassol em 2025"},"2393238":{"titulo":"Flamengo foi o melhor e Arrascaeta o 'craque' do Brasileir\u00e3o","link":"https:\/\/www.futebolinterior.com.br\/flamengo-foi-o-melhor-e-arrascaeta-o-craque-do-brasileirao\/","chapeu":"OPINI\u00c3O","data":"09\/12\/2025","imagem":"https:\/\/images.futebolinterior.com.br\/2025\/12\/54972898255_475909e03b_o-300x200.webp","resumo":"O Flamengo foi mesmo durante toda a temporada, o melhor entre os vinte clubes que disputaram a S\u00e9rie A deste ano. Jogou demais !"}}