{"2417022":{"titulo":"Rony assina por 3 anos com o Santos: 'Podemos fazer hist\u00f3ria'","link":"https:\/\/www.futebolinterior.com.br\/rony-assina-por-3-anos-com-o-santos-podemos-fazer-historia\/","chapeu":"OFICIAL","data":"30\/01\/2026","imagem":"https:\/\/images.futebolinterior.com.br\/2026\/01\/Screenshot_570-300x274.webp","resumo":"\"Rony vestir\u00e1 o Manto Sagrado do Santos FC em 2026!\""},"2416890":{"titulo":"Marcelo Paz explica por que Corinthians n\u00e3o contratou Alisson","link":"https:\/\/www.futebolinterior.com.br\/marcelo-paz-corinthians\/","chapeu":"FINAN\u00c7AS","data":"30\/01\/2026","imagem":"https:\/\/images.futebolinterior.com.br\/2026\/01\/marcelo-paz-explica-por-que-cori-300x169.webp","resumo":"O Corinthians permanece ativo no mercado em busca de refor\u00e7ar o seu elenco para a sequ\u00eancia da temporada"},"2417032":{"titulo":"Alexandre Favrin deixa a Ponte Preta e acerta com o ABC","link":"https:\/\/www.futebolinterior.com.br\/alexandre-favrin-ponte-preta\/","chapeu":"FECHADO","data":"30\/01\/2026","imagem":"https:\/\/images.futebolinterior.com.br\/2026\/01\/WhatsApp-Image-2026-01-30-at-12.16.47-300x200.webp","resumo":"A comiss\u00e3o t\u00e9cnica do ABC est\u00e1 refor\u00e7ada para a sequ\u00eancia da temporada 2026"},"2416970":{"titulo":"Primavera x Portuguesa - Onde assistir e escala\u00e7\u00f5es no Paulist\u00e3o","link":"https:\/\/www.futebolinterior.com.br\/primavera-x-portuguesa-onde-assistir-e-escalacoes-no-paulistao\/","chapeu":"DECISIVO","data":"30\/01\/2026","imagem":"https:\/\/images.futebolinterior.com.br\/2026\/01\/Screenshot_34-300x184.webp","resumo":"Primavera e Portuguesa fazem duelo direto pelo G-8 do Paulist\u00e3o 2026 em Indaiatuba. Confira as prov\u00e1veis escala\u00e7\u00f5es, desfalques e retrospecto do confronto."},"2416793":{"titulo":"Paulist\u00e3o: Adriano J\u00fanior destaca duelo decisivo do Velo Clube contra o Noroeste","link":"https:\/\/www.futebolinterior.com.br\/paulistao-adriano-junior-destaca-duelo-decisivo-do-velo-clube-contra-o-noroeste\/","chapeu":"BRIGA BOA","data":"30\/01\/2026","imagem":"https:\/\/images.futebolinterior.com.br\/2026\/01\/Adriano-Junior-300x240.webp","resumo":"Volante do Velo Clube destaca import\u00e2ncia do duelo direto contra o Noroeste no final de semana: \"Cada ponto faz diferen\u00e7a\""},"2416763":{"titulo":"Red Bull Bragantino anuncia a contrata\u00e7\u00e3o de atacante argentino","link":"https:\/\/www.futebolinterior.com.br\/red-bull-bragantino-anuncia-a-contratacao-de-atacante-argentino\/","chapeu":"MERCADO","data":"30\/01\/2026","imagem":"https:\/\/images.futebolinterior.com.br\/2026\/01\/Herrera-287x300.webp","resumo":"O Red Bull Bragantino anunciou nesta sexta-feira (30) o quarto refor\u00e7o da temporada, trata-se do atacante argentino Jos\u00e9 Herrera"},"2416744":{"titulo":"Ponte Preta volta atr\u00e1s e encaminha acerto com volante","link":"https:\/\/www.futebolinterior.com.br\/ponte-preta-encaminha-acerto-volante\/","chapeu":"MERCADO","data":"30\/01\/2026","imagem":"https:\/\/images.futebolinterior.com.br\/2026\/01\/Andre-lima-300x170.webp","resumo":"O meio-campista enfim est\u00e1 pr\u00f3ximo da rescis\u00e3o contratual com o Bicolor, e assim desembarcar em Campinas para ser o mais novo refor\u00e7o da Ponte Preta."},"2416740":{"titulo":"D\u00e9rbi 213: \u00c1rbitro Fifa apita cl\u00e1ssico decisivo no Paulist\u00e3o","link":"https:\/\/www.futebolinterior.com.br\/derbi-213-arbitro-fifa-apita-classico\/","chapeu":"DEFINIDO","data":"30\/01\/2026","imagem":"https:\/\/images.futebolinterior.com.br\/2026\/01\/Captura-de-tela-2026-01-30-142158-300x163.webp","resumo":"Este ser\u00e1 o 213\u00ba d\u00e9rbi entre Guarani e Ponte Preta. No hist\u00f3rico geral, o Bugre tem 71 vit\u00f3rias, a Macaca soma 70, al\u00e9m de 70 empates."},"2416725":{"titulo":"Ponte Preta negocia a perman\u00eancia do zagueiro Walisson Maia","link":"https:\/\/www.futebolinterior.com.br\/ponte-preta-negocia-com-walisson-maia\/","chapeu":"MAIS UM?","data":"30\/01\/2026","imagem":"https:\/\/images.futebolinterior.com.br\/2025\/11\/Trio-deixa-o-Vila-Nova-apos-o-fim-da-Serie-B-300x167.webp","resumo":"A Ponte Preta negocia o retorno de mais um atleta que deixou o clube ap\u00f3s o in\u00edcio do Paulist\u00e3o. Trata-se do zagueiro Walisson Maia, de 34 anos."},"2416696":{"titulo":"Elvis volta \u00e0 Ponte Preta, faz acordo e projeta encerrar carreira no clube","link":"https:\/\/www.futebolinterior.com.br\/elvis-volta-a-ponte-preta-paulista-2026\/","chapeu":"OFICIAL","data":"30\/01\/2026","imagem":"https:\/\/images.futebolinterior.com.br\/2026\/01\/RIB3824.jpg-300x200.webp","resumo":"Lanterna da competi\u00e7\u00e3o, com apenas um ponto, a Ponte Preta v\u00ea no retorno de Elvis uma esperan\u00e7a de rea\u00e7\u00e3o r\u00e1pida"}}