{"2417202":{"titulo":"Mirassol x Novorizontino - Escala\u00e7\u00f5es, hor\u00e1rio e onde assistir","link":"https:\/\/www.futebolinterior.com.br\/mirassol-x-novorizontino-escalacoes-horario-e-onde-assistir\/","chapeu":"JOG\u00c3O!","data":"31\/01\/2026","imagem":"https:\/\/images.futebolinterior.com.br\/2026\/01\/mirassol-novorizontino-300x189.webp","resumo":"o Novorizontino entra em campo neste domingo, \u00e0s 18h30, diante do Mirassol, em duelo que promete movimentar a sexta rodada da competi\u00e7\u00e3o"},"2417098":{"titulo":"Botafogo-SP x Palmeiras - Onde assistir, hor\u00e1rio e escala\u00e7\u00f5es!","link":"https:\/\/www.futebolinterior.com.br\/botafogo-sp-x-palmeiras\/","chapeu":"PAULIST\u00c3O","data":"30\/01\/2026","imagem":"https:\/\/images.futebolinterior.com.br\/2026\/01\/Botafogo-estadio-300x200.webp","resumo":"Palmeiras venceu quatro dos cinco jogos que disputou no Paulist\u00e3o e aparece na parte alta da classifica\u00e7\u00e3o"},"2417155":{"titulo":"Marlon Freitas valoriza seu in\u00edcio no Palmeiras: 'J\u00e1 me sinto bem adaptado'","link":"https:\/\/www.futebolinterior.com.br\/marlon-freitas-valoriza-seu-inicio-no-palmeiras-ja-me-sinto-bem-adaptado\/","chapeu":"EM CASA","data":"30\/01\/2026","imagem":"https:\/\/images.futebolinterior.com.br\/2026\/01\/Screenshot_574-300x200.webp","resumo":"\"Hoje eu j\u00e1 me sinto bem adaptado e tenho certeza de que vai ser um grande ano para a gente\""},"2417178":{"titulo":"PAULIST\u00c3O: D\u00e9rbi Campineiro e San-S\u00e3o agitam a rodada","link":"https:\/\/www.futebolinterior.com.br\/paulistao-derbi-campineiro-e-san-sao-agitam-a-rodada\/","chapeu":"VAI PEGAR FOGO\ud83d\udd25","data":"30\/01\/2026","imagem":"https:\/\/images.futebolinterior.com.br\/2026\/01\/54847794276_294c6d339c_o-300x200.webp","resumo":"O PLACAR FI acompanha todos os jogos do Paulist\u00e3o"},"2417163":{"titulo":"Paulist\u00e3o destaca o cl\u00e1ssico San-S\u00e3o e o D\u00e9rbi 213","link":"https:\/\/www.futebolinterior.com.br\/paulistao-destaca-o-classico-san-sao-e-o-derbi-213\/","chapeu":"OPINI\u00c3O","data":"30\/01\/2026","imagem":"https:\/\/images.futebolinterior.com.br\/2026\/01\/8dQkCY9r-Novorizontino-gol-Pedro-Zacchi-300x188.webp","resumo":"O S\u00e3o Paulo tem o mando de\u00a0 campo, mas o Santos est\u00e1 mais bem colocado. Jogo parelho. N\u00e3o d\u00e1 para indicar um favorito"},"2417171":{"titulo":"Novorizontino contrata meia-atacante argentino ex-Sport","link":"https:\/\/www.futebolinterior.com.br\/novorizontino-contrata-meia\/","chapeu":"MERCADO","data":"30\/01\/2026","imagem":"https:\/\/images.futebolinterior.com.br\/2026\/01\/Novorizontino-titi-300x200.webp","resumo":"Meia-atacante de 33 anos amplia op\u00e7\u00f5es ofensivas do Tigre do Vale para as pr\u00f3ximas temporadas"},"2417146":{"titulo":"Volta de \u00c9lvis muda o cen\u00e1rio do d\u00e9rbi campineiro","link":"https:\/\/www.futebolinterior.com.br\/volta-de-elvis-muda-o-cenario-do-derbi-campineiro\/","chapeu":"BLOG DO ARI","data":"30\/01\/2026","imagem":"https:\/\/images.futebolinterior.com.br\/2026\/01\/Ponte-preta_elvis-300x197.webp","resumo":"Quando at\u00e9 se projetava a possibilidade de o meia \u00c9lvis descer a antiga Avenida dos Esportes, ele \u00e9 reintegrado ao velho ninho?"},"2417059":{"titulo":"S\u00e3o Paulo x Santos: Onde assistir, hor\u00e1rio e escala\u00e7\u00f5es!","link":"https:\/\/www.futebolinterior.com.br\/sao-paulo-x-santos-onde-assistir\/","chapeu":"JOG\u00c3O","data":"30\/01\/2026","imagem":"https:\/\/images.futebolinterior.com.br\/2026\/01\/Foto-Morumbis-300x141.webp","resumo":"\nO cl\u00e1ssico re\u00fane duas equipes pressionadas pela tabela e acontece em um momento decisivo"},"2417071":{"titulo":"Guarani x Ponte Preta - Onde assistir, arbitragem e escala\u00e7\u00f5es","link":"https:\/\/www.futebolinterior.com.br\/guarani-x-ponte-preta-onde-assistir-arbitragem-e-escalacoes\/","chapeu":"D\u00c9RBI 213","data":"30\/01\/2026","imagem":"https:\/\/images.futebolinterior.com.br\/2026\/01\/54847794276_294c6d339c_o-300x200.webp","resumo":"O Bugre ocupa a quinta coloca\u00e7\u00e3o, com oito pontos, enquanto a Macaca \u00e9 a lanterna, com apenas um e amea\u00e7ada pelo rebaixamento."},"2416877":{"titulo":"Patrocinadora do Palmeiras tem contas bloqueadas pela Justi\u00e7a; veja detalhes","link":"https:\/\/www.futebolinterior.com.br\/patrocinadora-palmeiras-bloqueio-contas\/","chapeu":"BLOQUEIO","data":"30\/01\/2026","imagem":"https:\/\/images.futebolinterior.com.br\/2026\/01\/camisa-palmeiras-patrocinio-fictor-300x172.webp","resumo":"Empresa sofre um bloqueio judicial em meio a atrasos junto a investidores; veja contrato com Palmeiras e valores"}}