{"2195463":{"titulo":"Linense contrata lateral paraguaio para o Paulist\u00e3o S\u00e9rie A2 2025","link":"https:\/\/www.futebolinterior.com.br\/linense-contrata-lateral-paraguaio\/","chapeu":"OLHA S\u00d3","data":"29\/11\/2024","imagem":"https:\/\/images.futebolinterior.com.br\/2024\/11\/Linense-2-300x258.png","resumo":"O Linense ser\u00e1 comandado pelo t\u00e9cnico Thiago Gomes. O Paulist\u00e3o S\u00e9rie A2 ter\u00e1 in\u00edcio em 15 de janeiro e t\u00e9rmino previsto para 6 de abril"},"2195363":{"titulo":"Paulist\u00e3o S\u00e9rie A2: XV de Piracicaba anunciou zagueiro vice-campe\u00e3o da S\u00e9rie D","link":"https:\/\/www.futebolinterior.com.br\/paulistao-serie-a2-xv-de-piracicaba-anunciou-zagueiro-vice-campeao-da-serie-d\/","chapeu":"CHEGOU","data":"29\/11\/2024","imagem":"https:\/\/images.futebolinterior.com.br\/2024\/11\/imagem_2024-11-29_144959498-300x220.png","resumo":"O XV de Piracicaba anunciou nesta sexta-feira (29) mais uma contrata\u00e7\u00e3o para o Campeonato Paulista A2 2025"},"2195315":{"titulo":"Paulist\u00e3o S\u00e9rie A2: Ituano n\u00e3o segue com Chico Elias para 2025","link":"https:\/\/www.futebolinterior.com.br\/paulistao-serie-a2-ituano-nao-segue-com-chico-elias-para-2025\/","chapeu":"FORA","data":"29\/11\/2024","imagem":"https:\/\/images.futebolinterior.com.br\/2024\/11\/imagem_2024-11-29_132433961-300x203.png","resumo":"Nos pr\u00f3ximos dias, o Ituano anunciar\u00e1 quem ser\u00e1 o treinador para a disputa do Campeonato Paulista A2 2025"},"2195248":{"titulo":"Paulist\u00e3o S\u00e9rie A2: Gr\u00eamio Prudente fecha a contrata\u00e7\u00e3o de meia ex-XV de Piracicaba","link":"https:\/\/www.futebolinterior.com.br\/paulistao-serie-a2-gremio-prudente-fecha-a-contratacao-de-meia-ex-xv-de-piracicaba\/","chapeu":"REFOR\u00c7O","data":"29\/11\/2024","imagem":"https:\/\/images.futebolinterior.com.br\/2024\/11\/Gremio-Prudente-contrata-meia-ex-XV-de-Piracicaba-300x190.jpg","resumo":"O Gr\u00eamio Prudente j\u00e1 soma 15 contrata\u00e7\u00f5es para 2025, com jogadores experientes e promissores"},"2195144":{"titulo":"Paulist\u00e3o S\u00e9rie A2: XV de Piracicaba anuncia lateral atual campe\u00e3o","link":"https:\/\/www.futebolinterior.com.br\/paulistao-serie-a2-xv-de-piracicaba-anuncia-lateral-atual-campeao\/","chapeu":"CAMPE\u00c3O","data":"28\/11\/2024","imagem":"https:\/\/images.futebolinterior.com.br\/2024\/11\/imagem_2024-11-28_214254184-300x183.png","resumo":"Nesta quinta-feira, o Nh\u00f4 Quim tamb\u00e9m anunciou a chegada do zagueiro L\u00e9o Gobo, ex-S\u00e3o Jos\u00e9"},"2195058":{"titulo":"XV de Piracicaba contrata zagueiro ex-S\u00e3o Jos\u00e9 para o Paulist\u00e3o S\u00e9rie A2","link":"https:\/\/www.futebolinterior.com.br\/xv-de-piracicaba-contrata-leo-gobo\/","chapeu":"NOVIDADE","data":"28\/11\/2024","imagem":"https:\/\/images.futebolinterior.com.br\/2024\/11\/XV-Piracicaba-300x297.png","resumo":"O XV de Piracicaba aguarda a tabela do estadual para conhecer quem ser\u00e1 o seu advers\u00e1rio na estreia"},"2194997":{"titulo":"Paulist\u00e3o S\u00e9rie A2: Rio Claro anuncia dois goleiros para 2025","link":"https:\/\/www.futebolinterior.com.br\/paulistao-serie-a2-rio-claro-anuncia-dois-goleiros-para-2025\/","chapeu":"DOIS","data":"28\/11\/2024","imagem":"https:\/\/images.futebolinterior.com.br\/2024\/11\/imagem_2024-11-28_164222468-300x209.png","resumo":"O Rio Claro come\u00e7ou a anunciar atletas nesta quinta-feira (28), e j\u00e1 tem dois goleiros para disputar a S\u00e9rie A2 2025"},"2194193":{"titulo":"Confira os treinadores dos times que disputar\u00e3o os principais estaduais de 2025","link":"https:\/\/www.futebolinterior.com.br\/treinadores-estaduais-de-2025\/","chapeu":"COMPLET\u00c3O","data":"28\/11\/2024","imagem":"https:\/\/images.futebolinterior.com.br\/2025\/01\/image-365-300x188.png","resumo":"Neste material especial, confira uma lista completa com os clubes que v\u00e3o disputar os principais estaduais e seus respectivos treinadores para o pr\u00f3ximo ano!"},"2194918":{"titulo":"S\u00e3o Jos\u00e9 confirma mais tr\u00eas refor\u00e7os para o Paulist\u00e3o da S\u00e9rie A2","link":"https:\/\/www.futebolinterior.com.br\/sao-jose-tres-reforcos-paulistao-a2\/","chapeu":"OLHA ELES","data":"28\/11\/2024","imagem":"https:\/\/images.futebolinterior.com.br\/2024\/11\/Sao-Jose-300x282.png","resumo":"Nesta temporada, o S\u00e3o Jos\u00e9 ficou em segundo lugar na primeira fase, com 26 pontos. O Paulist\u00e3o S\u00e9rie A2 de 2025 come\u00e7ar\u00e1 em 15 de janeiro"},"2194897":{"titulo":"Votuporanguense anuncia mais tr\u00eas e j\u00e1 tem 5 refor\u00e7os para o Paulist\u00e3o S\u00e9rie A2","link":"https:\/\/www.futebolinterior.com.br\/votuporanguense-anuncia-tres-reforcos\/","chapeu":"NOVIDADES","data":"28\/11\/2024","imagem":"https:\/\/images.futebolinterior.com.br\/2024\/11\/Votuporanguense-1-300x251.png","resumo":"O Votuporanguense aguarda a tabela do estadual para conhecer quem ser\u00e1 o seu advers\u00e1rio na estreia do Paulist\u00e3o S\u00e9rie A2"}}