{"2196947":{"titulo":"Paulist\u00e3o S\u00e9rie A2: S\u00e3o Bento vai contar com joia do Remo","link":"https:\/\/www.futebolinterior.com.br\/paulistao-serie-a2-sao-bento-vai-contar-com-joia-do-remo\/","chapeu":"QUEM?","data":"03\/12\/2024","imagem":"https:\/\/images.futebolinterior.com.br\/2024\/12\/imagem_2024-08-07_165013796-300x224.png","resumo":"O S\u00e3o Bento vai disputar o Campeonato Paulista A2 em 2025, e contar\u00e1 com uma promessa em seu elenco. 19 atletas j\u00e1 foram divulgados"},"2196918":{"titulo":"Paulist\u00e3o S\u00e9rie A2: S\u00e3o Jos\u00e9 repatria lateral-direito","link":"https:\/\/www.futebolinterior.com.br\/paulistao-serie-a2-sao-jose-repatria-lateral-direito\/","chapeu":"DE VOLTA","data":"03\/12\/2024","imagem":"https:\/\/images.futebolinterior.com.br\/2024\/12\/imagem_2024-12-03_142208467-300x218.png","resumo":"O S\u00e3o Jos\u00e9 anunciou o retorno do lateral-direito L\u00e9o Pereira, de 26 anos, nesta ter\u00e7a-feira (03)"},"2196609":{"titulo":"Paulist\u00e3o S\u00e9rie A2 tem tabela divulgada e rebaixados estreiam fora","link":"https:\/\/www.futebolinterior.com.br\/paulistao-seriea2-tabela-definida\/","chapeu":"VEJA!","data":"02\/12\/2024","imagem":"https:\/\/images.futebolinterior.com.br\/2024\/12\/VELO-300x200.jpeg","resumo":"Campe\u00e3o e vice, Votuporanguense e Gr\u00eamio Prudente estreiam diante de suas torcidas contra a Ferrovi\u00e1ria e o S\u00e3o Jos\u00e9, respectivamente."},"2196528":{"titulo":"Taubat\u00e9 confirma segundo refor\u00e7o para o Paulist\u00e3o S\u00e9rie A2","link":"https:\/\/www.futebolinterior.com.br\/taubate-segundo-reforco-para-serie-a2\/","chapeu":"MAIS UM","data":"02\/12\/2024","imagem":"https:\/\/images.futebolinterior.com.br\/2024\/12\/Taubate-contrata-zagueiro-ex-Fluminense-para-a-Serie-A2-300x225.jpeg","resumo":"A equipe do Taubat\u00e9 se prepara para a competi\u00e7\u00e3o, que tem in\u00edcio previsto para o dia 15 de janeiro"},"2196443":{"titulo":"Paulist\u00e3o S\u00e9rie A2: Linense contrata jovem formado no S\u00e3o Paulo","link":"https:\/\/www.futebolinterior.com.br\/paulistao-serie-a2-linense-contrata-jovem-formado-no-sao-paulo\/","chapeu":"MAIS UM","data":"02\/12\/2024","imagem":"https:\/\/images.futebolinterior.com.br\/2024\/12\/imagem_2024-12-02_185817935-300x199.png","resumo":"O Linense anunciou nesta segunda-feira (02) mais um refor\u00e7o para a temporada de 2025, agora para o setor ofensivo"},"2196444":{"titulo":"Goleiro rescinde com o Santo Andr\u00e9 antes do Paulist\u00e3o A2","link":"https:\/\/www.futebolinterior.com.br\/goleiro-rescinde-com-o-santo-andre-antes-do-inicio-do-paulistao-serie-a2-2025\/","chapeu":"INUSITADO","data":"02\/12\/2024","imagem":"https:\/\/images.futebolinterior.com.br\/2024\/12\/Santo-Andre-rescinde-com-goleiro-antes-de-estreia-300x240.png","resumo":"Em comunicado, o Santo Andr\u00e9 destacou a import\u00e2ncia de contar com atletas que compartilhem do objetivo principal"},"2196434":{"titulo":"Paulist\u00e3o S\u00e9rie A2: Taubat\u00e9 contrata meia ex-Cruzeiro","link":"https:\/\/www.futebolinterior.com.br\/paulistao-serie-a2-taubate-contrata-meia-ex-cruzeiro\/","chapeu":"MEIA","data":"02\/12\/2024","imagem":"https:\/\/images.futebolinterior.com.br\/2024\/12\/imagem_2024-12-02_181528788-300x202.png","resumo":"O primeiro nome enfim saiu, e o Taubat\u00e9 iniciou a divulga\u00e7\u00e3o das contrata\u00e7\u00f5es visando o Paulist\u00e3o da S\u00e9rie A2 de 2025"},"2196376":{"titulo":"Paulist\u00e3o S\u00e9rie A2: S\u00e3o Bento inicia pr\u00e9-temporada com 13 atletas","link":"https:\/\/www.futebolinterior.com.br\/paulistao-serie-a2-sao-bento-inicia-pre-temporada-com-13-atletas\/","chapeu":"13","data":"02\/12\/2024","imagem":"https:\/\/images.futebolinterior.com.br\/2024\/12\/imagem_2024-12-02_172459831-300x197.png","resumo":"S\u00e3o Bento iniciou a pr\u00e9-temporada de 2025 nesta segunda-feira (02), at\u00e9 o momento com 13 atletas anunciados"},"2196305":{"titulo":"Paulist\u00e3o S\u00e9rie A2: XV de Piracicaba inicia semana com nova dupla, veja","link":"https:\/\/www.futebolinterior.com.br\/paulistao-serie-a2-xv-de-piracicaba-inicia-semana-com-nova-dupla-veja\/","chapeu":"DOIS","data":"02\/12\/2024","imagem":"https:\/\/images.futebolinterior.com.br\/2024\/12\/imagem_2024-12-02_152758413-300x194.png","resumo":"O XV de Piracicaba se refor\u00e7ou com a chegada de um lateral-esquerdo e um volante. A S\u00e9rie A2 do Paulist\u00e3o se inicia em 15 de janeiro"},"2196212":{"titulo":"Paulist\u00e3o S\u00e9rie A2: S\u00e3o Bento confirma 'pacot\u00e3o de refor\u00e7os'. Conhe\u00e7a!","link":"https:\/\/www.futebolinterior.com.br\/sao-bento-confirma-pacotao-reforcos\/","chapeu":"REFOR\u00c7OS","data":"02\/12\/2024","imagem":"https:\/\/images.futebolinterior.com.br\/2024\/12\/image-30-300x218.png","resumo":"A temporada de 2025 j\u00e1 come\u00e7ou para o S\u00e3o Bento"}}