{"2194892":{"titulo":"Ferrovi\u00e1ria confirma chegada de atacante ex-Oper\u00e1rio para o Paulist\u00e3o S\u00e9rie A2","link":"https:\/\/www.futebolinterior.com.br\/ferroviaria-confirma-atacante-ronaldo\/","chapeu":"NOVIDADE","data":"28\/11\/2024","imagem":"https:\/\/images.futebolinterior.com.br\/2024\/11\/Ronaldo-Ferroviaria-300x167.jpeg","resumo":"A Ferrovi\u00e1ria se prepara para a disputa do Paulist\u00e3o S\u00e9rie A2, que come\u00e7a em 15 de janeiro"},"2193866":{"titulo":"Santo Andr\u00e9 contrata atacante ex-Guarani para o Paulist\u00e3o S\u00e9rie A2","link":"https:\/\/www.futebolinterior.com.br\/santo-andre-contrata-atacante-ex-guarani-para-o-paulistao-serie-a2\/","chapeu":"MAIS UM!","data":"26\/11\/2024","imagem":"https:\/\/images.futebolinterior.com.br\/2024\/11\/Santo-Andre-contrata-atacante-ex-Guarani.png","resumo":"O jogador, de 32 anos, assinou contrato com o Santo Andr\u00e9 at\u00e9 o fim da competi\u00e7\u00e3o estadual"},"2193822":{"titulo":"Paulist\u00e3o: Velo Clube confirma retorno de meia-atacante","link":"https:\/\/www.futebolinterior.com.br\/paulistao-velo-clube-confirma-retorno-de-meia-atacante\/","chapeu":"MAIS UM ","data":"26\/11\/2024","imagem":"https:\/\/images.futebolinterior.com.br\/2024\/11\/Screenshot_25-3-300x220.jpg","resumo":""},"2193798":{"titulo":"Paulist\u00e3o S\u00e9rie A2: Volante retorna \u00e0 Ferrovi\u00e1ria ap\u00f3s 10 anos","link":"https:\/\/www.futebolinterior.com.br\/paulistao-serie-a2-volante-retorna-a-ferroviaria-apos-10-anos\/","chapeu":"DE VOLTA","data":"26\/11\/2024","imagem":"https:\/\/images.futebolinterior.com.br\/2024\/11\/Screenshot_24-3-300x217.jpg","resumo":""},"2193740":{"titulo":"Paulist\u00e3o S\u00e9rie A2: Juventus renova com mais dois jogadores","link":"https:\/\/www.futebolinterior.com.br\/paulistao-serie-a2-juventus-renova-com-mais-dois-jogadores\/","chapeu":"ELES FICAM","data":"26\/11\/2024","imagem":"https:\/\/images.futebolinterior.com.br\/2024\/11\/Screenshot_18-6-300x202.jpg","resumo":""},"2192381":{"titulo":"Paulist\u00e3o S\u00e9rie A2: Juventus oficializa chegada de mais cinco jogadores","link":"https:\/\/www.futebolinterior.com.br\/juventus-oficializa-chegada-cinco\/","chapeu":"AGITADO","data":"22\/11\/2024","imagem":"https:\/\/images.futebolinterior.com.br\/2024\/11\/juve-1-300x214.jpg","resumo":"Nenhum clube da S\u00e9rie A2 do Paulist\u00e3o anunciou mais jogadores contratados para a disputa do estadual do que o Juventus"},"2192164":{"titulo":"Gr\u00eamio Prudente contrata atacante ex-S\u00e3o Jos\u00e9 para Paulist\u00e3o S\u00e9rie A2","link":"https:\/\/www.futebolinterior.com.br\/gremio-prudente-anuncia-atacante-ex-sao-jose-para-o-paulistao-serie-a2\/","chapeu":"NOVA PE\u00c7A","data":"22\/11\/2024","imagem":"https:\/\/images.futebolinterior.com.br\/2024\/11\/Gremio-Prudente-anuncia-atacante-ex-Sao-Jose-300x206.jpg","resumo":"L\u00e9o Santos \u00e9 o terceiro refor\u00e7o no ataque do Gr\u00eamio Prudente, ao lado de Vin\u00edcius Alves e Douglas Santos"},"2192050":{"titulo":"Paulist\u00e3o S\u00e9rie A2: Santo Andr\u00e9 contrata volante que estava no RS","link":"https:\/\/www.futebolinterior.com.br\/paulistao-serie-a2-santo-andre-contrata-volante-que-estava-no-rs\/","chapeu":"REFOR\u00c7O","data":"21\/11\/2024","imagem":"https:\/\/images.futebolinterior.com.br\/2024\/11\/imagem_2024-11-21_213553134-300x236.png","resumo":"Nesta quinta-feira (21), o Santo Andr\u00e9 anunciou seu 11\u00ba atleta, o volante Bruno Camilo, de 26 anos"},"2191972":{"titulo":"Votuporanguense anuncia volante que conquistou acesso com o Maring\u00e1-PR","link":"https:\/\/www.futebolinterior.com.br\/votuporanguense-anuncia-volante-que-conquistou-acesso-com-o-maringa-pr\/","chapeu":"MAIS UM","data":"21\/11\/2024","imagem":"https:\/\/images.futebolinterior.com.br\/2024\/11\/imagem_2024-11-21_200427997-300x236.png","resumo":"O Votuporanguense agora passa a contar com os volantes Dener e D\u00e9rick, contratados, e com o volante Edson Carvalho, que renovou"},"2191808":{"titulo":"Juventus contrata atacante ex-Portuguesa para o Paulist\u00e3o S\u00e9rie A2","link":"https:\/\/www.futebolinterior.com.br\/juventus-contrata-atacante-ex-portuguesa-para-o-paulistao-serie-a2\/","chapeu":"MAIS UM!","data":"21\/11\/2024","imagem":"https:\/\/images.futebolinterior.com.br\/2024\/11\/Juventus-anuncia-Anderson-Magrao-para-a-Serie-A2-300x234.png","resumo":"O Juventus ser\u00e1 comandado pelo t\u00e9cnico S\u00e9rgio Soares na S\u00e9rie A2 e j\u00e1 anunciou um pacot\u00e3o de refor\u00e7os"}}