{"2213917":{"titulo":"Livre no mercado, t\u00e9cnico Marcio Ribeiro completa 30 anos de carreira e analisa propostas","link":"https:\/\/www.futebolinterior.com.br\/marcio-ribeiro-analisa-mercado-tecnico\/","chapeu":"NO MERCADO","data":"17\/01\/2025","imagem":"https:\/\/images.futebolinterior.com.br\/2025\/01\/image-327-300x219.png","resumo":""},"2213883":{"titulo":"Paulist\u00e3o S\u00e9rie A2: Meia do Capivariano projeta \"jogo duro\" contra a Portuguesa Santista","link":"https:\/\/www.futebolinterior.com.br\/paulistao-serie-a2-meia-do-capivariano-projeta-jogo-duro-contra-a-portuguesa-santista\/","chapeu":"NOVO DESAFIO","data":"17\/01\/2025","imagem":"https:\/\/images.futebolinterior.com.br\/2025\/01\/Meia-do-Capivariano-projeta-encontro-com-a-Portuguesa-Santista-300x221.jpeg","resumo":"O Capivariano bateu o Santo Andr\u00e9 por 1 a 0, com gol anotado por Carlos Eduardo, aos 45 do primeiro tempo"},"2213800":{"titulo":"Paulist\u00e3o S\u00e9rie A2: Definida a escala de arbitragem da 2\u00aa rodada; confira!","link":"https:\/\/www.futebolinterior.com.br\/serie-a2-arbitragem-da-2a-rodada\/","chapeu":"CONFIRA","data":"17\/01\/2025","imagem":"https:\/\/images.futebolinterior.com.br\/2025\/01\/image-319-300x200.png","resumo":"A segunda rodada do Campeonato Paulista S\u00e9rie A2 tem prosseguimento neste final de semana"},"2213699":{"titulo":"PAULIST\u00c3O S\u00c9RIE A2: Santo Andr\u00e9 busca reabilita\u00e7\u00e3o e XV quer seguir embalado","link":"https:\/\/www.futebolinterior.com.br\/paulistao-serie-a2-segunda-rodada\/","chapeu":"PROMETE","data":"17\/01\/2025","imagem":"https:\/\/images.futebolinterior.com.br\/2025\/01\/Santo-Andre-2-300x255.jpeg","resumo":"A segunda rodada da primeira fase do Paulist\u00e3o S\u00e9rie A2 de 2025 ser\u00e1 disputada de forma completa neste final de semana"},"2213487":{"titulo":"PLACAR FI: Confira os RESULTADOS desta QUINTA-FEIRA","link":"https:\/\/www.futebolinterior.com.br\/placar-fi-confira-os-resultados-desta-quinta-feira-13\/","chapeu":"PLACAR FI","data":"16\/01\/2025","imagem":"https:\/\/images.futebolinterior.com.br\/2025\/01\/Screenshot_140-300x220.jpg","resumo":"O Portal Futebol Interior traz o PLACAR FI com todos os resultados desta quinta-feira (16)"},"2213264":{"titulo":"Rio Claro 1 x 1 Ituano - \u00daltimos estreantes, Galos ficam no empate","link":"https:\/\/www.futebolinterior.com.br\/rio-claro-1-x-1-ituano-ultimos-estreantes-galos-ficam-no-empate\/","chapeu":"EMPATE","data":"16\/01\/2025","imagem":"https:\/\/images.futebolinterior.com.br\/2025\/01\/imagem_2025-01-16_170544809-300x190.png","resumo":"O Rio Claro estreou na S\u00e9rie A2 dentro de casa, no Schmidt\u00e3o, mas n\u00e3o conseguiu vencer o Ituano, que teve Kaio Mendes expulso"},"2213252":{"titulo":"J\u00fanior Rocha enaltece elenco ap\u00f3s vit\u00f3ria da Ferrovi\u00e1ria na estreia do Paulist\u00e3o S\u00e9rie A2","link":"https:\/\/www.futebolinterior.com.br\/tecnico-ferroviaria-enaltece-vitoria\/","chapeu":"MANDOU BEM","data":"16\/01\/2025","imagem":"https:\/\/images.futebolinterior.com.br\/2025\/01\/image-303-300x189.png","resumo":""},"2213243":{"titulo":"Treinador do S\u00e3o Bento quer vit\u00f3ria em casa contra o Votuporanguense no fim de semana","link":"https:\/\/www.futebolinterior.com.br\/treinador-sao-bento-lamenta-derrota\/","chapeu":"PREOCUPA\u00c7\u00c3O","data":"16\/01\/2025","imagem":"https:\/\/images.futebolinterior.com.br\/2025\/01\/fonseca-bento2-300x212.jpg","resumo":""},"2213190":{"titulo":"Paulist\u00e3o S\u00e9rie A2: S\u00e3o Jos\u00e9 contrata volante ex-Ypiranga, revelado pelo clube","link":"https:\/\/www.futebolinterior.com.br\/paulistao-serie-a2-sao-jose-contrata-volante-ex-ypiranga-revelado-pelo-clube\/","chapeu":"REFOR\u00c7O","data":"16\/01\/2025","imagem":"https:\/\/images.futebolinterior.com.br\/2025\/01\/Sao-Jose-anuncia-volante-revelado-pelo-clube-para-a-Serie-A2-300x198.jpg","resumo":"Danilo passou por exames m\u00e9dicos, assinou seu contrato e j\u00e1 est\u00e1 integrado ao elenco do S\u00e3o Jos\u00e9"},"2213136":{"titulo":"Com dedo do treinador, Primavera estreia com vit\u00f3ria no Paulist\u00e3o S\u00e9rie A2","link":"https:\/\/www.futebolinterior.com.br\/com-dedo-do-treinador-primavera-estreia-com-vitoria-no-paulistao-serie-a2\/","chapeu":"BOA ESTREIA","data":"16\/01\/2025","imagem":"https:\/\/images.futebolinterior.com.br\/2025\/01\/Com-dedo-do-treinador-Primavera-estreia-com-vitoria-no-Paulista-A2-300x195.jpg","resumo":"Fernando Marchiori completou sua 11\u00aa partida como t\u00e9cnico do Primavera e segue construindo um desempenho s\u00f3lido"}}