{"2515258":{"titulo":"Independente vive pol\u00eamica com Lucas Lino antes da final","link":"https:\/\/www.futebolinterior.com.br\/independente-polemica-lucas-lino\/","chapeu":"TENSO","data":"12\/08\/2026","imagem":"https:\/\/images.futebolinterior.com.br\/2026\/08\/cdVX0Cw6-image-300x170.webp","resumo":"Segundo Lucas Lino, a decis\u00e3o foi tomada sem uma conversa pr\u00e9via e a rea\u00e7\u00e3o nas redes sociais ocorreu em meio \u00e0 frustra\u00e7\u00e3o com o momento"},"2515252":{"titulo":"Am\u00e9rica busca celebrar t\u00edtulo ap\u00f3s duas d\u00e9cadas","link":"https:\/\/www.futebolinterior.com.br\/america-busca-celebrar-titulo\/","chapeu":"VALE MUITO","data":"12\/08\/2026","imagem":"https:\/\/images.futebolinterior.com.br\/2026\/08\/nRMImKk8-image-300x189.webp","resumo":"O \u00faltimo t\u00edtulo do Am\u00e9rica de Rio Preto foi conquistado em 2006, na Copa S\u00e3o Paulo de Futebol J\u00fanior"},"2515238":{"titulo":"Independente busca virada no Prad\u00e3o para vencer a Bezinha","link":"https:\/\/www.futebolinterior.com.br\/independente-busca-virada-no-pradao-para-vencer-a-bezinha\/","chapeu":"FOCO TOTAL","data":"12\/08\/2026","imagem":"https:\/\/images.futebolinterior.com.br\/2026\/08\/INDEPENDENTE-DE-LIMEIRA-300x118.webp","resumo":"\u00daltima conquista estadual do Independente foi o t\u00edtulo da Segundona Paulista (atual Bezinha), em 2011"},"2515215":{"titulo":"T\u00e9cnico do Am\u00e9rica busca t\u00edtulo da Bezinha ap\u00f3s garantir o acesso","link":"https:\/\/www.futebolinterior.com.br\/tecnico-do-america-busca-titulo-da-bezinha-apos-garantir-o-acesso\/","chapeu":"FALA, PROFESSOR","data":"12\/08\/2026","imagem":"https:\/\/images.futebolinterior.com.br\/2026\/08\/KINHO-FORGIARINI-AMERICA-300x129.webp","resumo":"Treinador americano deu uma palhinha sobre o segundo jogo da decis\u00e3o, que ser\u00e1 realizado no pr\u00f3ximo domingo (16)"},"2514899":{"titulo":"Prefeito de S\u00e3o Jos\u00e9 do Rio Preto anuncia Teixeir\u00e3o como sede da Copa S\u00e3o Paulo Jr.","link":"https:\/\/www.futebolinterior.com.br\/prefeito-anuncia-teixeirao-sede-copinha\/","chapeu":"TUDO CERTO","data":"11\/08\/2026","imagem":"https:\/\/images.futebolinterior.com.br\/2026\/08\/TtSdDOeF-image-277x300.webp","resumo":"O an\u00fancio aconteceu no \u00faltimo domingo (09), no jogo de ida pelo Campeonato Paulista Sub-23 Segunda Divis\u00e3o, a tradicional Bezinha, na vit\u00f3ria do Mequinha por 2 a 0"},"2514761":{"titulo":"\u00cddolo do Am\u00e9rica \u00e9 homenageado pela torcida na final da Bezinha","link":"https:\/\/www.futebolinterior.com.br\/idolo-do-america-e-homenageado-pela-torcida-na-final-da-bezinha\/","chapeu":"RECONHECIMENTO","data":"11\/08\/2026","imagem":"https:\/\/images.futebolinterior.com.br\/2026\/08\/PAULO-CEZAR-CATANOCE-300x158.webp","resumo":"Torcida do Am\u00e9rica presta homenagem ao ex-volante Paulo Cezar Catanoce, tamb\u00e9m conhecido por sua passagem pelo Corinthians"},"2513799":{"titulo":"PLACAR FI: Confira os resultados deste domingo de Dia dos Pais","link":"https:\/\/www.futebolinterior.com.br\/placar-fi-confira-os-resultados-deste-domingo-de-dia-dos-pais\/","chapeu":"DOMING\u00c3O!","data":"09\/08\/2026","imagem":"https:\/\/images.futebolinterior.com.br\/2026\/08\/Screenshot_255-300x250.webp","resumo":"Como de costume, o\u00a0PLACAR FI acompanhou todos os jogos e traz para voc\u00ea torcedor, todos os resultados do dia."},"2514072":{"titulo":"Kenzo, do Indepedente, ressalta que n\u00e3o vai faltar entrega na final","link":"https:\/\/www.futebolinterior.com.br\/kenzo-do-indepedente-ressalta-que-nao-vai-faltar-entrega-na-final\/","chapeu":"AINDA D\u00c1","data":"09\/08\/2026","imagem":"https:\/\/images.futebolinterior.com.br\/2026\/08\/Kenzo-300x300.webp","resumo":"A segunda partida ser\u00e1 disputada no pr\u00f3ximo domingo, dia 16 de agosto, \u00e0s 10h, no Est\u00e1dio Agostinho Prada, em Limeira"},"2514068":{"titulo":"Atacante do Am\u00e9rica destaca dificuldades na final\u00a0da Segundona","link":"https:\/\/www.futebolinterior.com.br\/atacante-do-america-destaca-dificuldades-na-final-da-segundona\/","chapeu":"DECIS\u00c3O","data":"09\/08\/2026","imagem":"https:\/\/images.futebolinterior.com.br\/2026\/08\/4IxY4e2Q-image-300x183.webp","resumo":"Com a vit\u00f3ria por 2 a 0, o Am\u00e9rica poder\u00e1 perder por at\u00e9 um gol de diferen\u00e7a no jogo de volta para conquistar o t\u00edtulo"},"2513816":{"titulo":"Am\u00e9rica-SP 2 x 0 Independente - Diabo Vermelho com a m\u00e3o na ta\u00e7a","link":"https:\/\/www.futebolinterior.com.br\/america-vence-independente-segundona\/","chapeu":"SAIU NA FRENTE","data":"09\/08\/2026","imagem":"https:\/\/images.futebolinterior.com.br\/2026\/08\/4IxY4e2Q-image-300x183.webp","resumo":"O confronto aconteceu na manh\u00e3 deste domingo (9), Dia dos Pais, em S\u00e3o Jos\u00e9 do Rio Preto, no Est\u00e1dio Benedito Teixeira, o Teixeir\u00e3o"}}