{"2518065":{"titulo":"Filipe Carioca sai do banco, marca gola\u00e7o e ajuda Independente a conquistar o t\u00edtulo","link":"https:\/\/www.futebolinterior.com.br\/filipe-carioca-fala-gol-independente\/","chapeu":"GOL DE PLACA","data":"16\/08\/2026","imagem":"https:\/\/images.futebolinterior.com.br\/2026\/08\/qh7YIJ8a-image-300x185.webp","resumo":"O lance entrou para a hist\u00f3ria do clube. Dentro da \u00e1rea, Filipe Carioca recebeu a bola, aplicou um chap\u00e9u no marcador, matou no peito e finalizou cruzado, sem chances para o goleiro"},"2518061":{"titulo":"Segundona: Hiago Ramiro celebra t\u00edtulo do Independente e destaca for\u00e7a do elenco","link":"https:\/\/www.futebolinterior.com.br\/hiago-ramiro-fala-titulo-independente\/","chapeu":"EXPERI\u00caNCIA","data":"16\/08\/2026","imagem":"https:\/\/images.futebolinterior.com.br\/2026\/08\/E4zldEJY-image-300x202.webp","resumo":"O atacante tamb\u00e9m dedicou a conquista \u00e0 fam\u00edlia e explicou que retornar para perto dos familiares foi uma das principais motiva\u00e7\u00f5es da temporada"},"2518057":{"titulo":"Segundona: Isac Nilton destaca uni\u00e3o ap\u00f3s t\u00edtulo e acesso do Independente","link":"https:\/\/www.futebolinterior.com.br\/isac-nilton-fala-titulo-do-independente\/","chapeu":"CRAQUE","data":"16\/08\/2026","imagem":"https:\/\/images.futebolinterior.com.br\/2026\/08\/qonOqD5b-image-300x185.webp","resumo":"O resultado reverteu a derrota por 2 a 0 no primeiro jogo, no Est\u00e1dio An\u00edsio Haddad, em S\u00e3o Jos\u00e9 do Rio Preto, e assegurou o acesso da equipe \u00e0 S\u00e9rie A4 de 2027"},"2518050":{"titulo":"Aislan valoriza campanha do Am\u00e9rica-SP e comemora acesso \u00e0 S\u00e9rie A4","link":"https:\/\/www.futebolinterior.com.br\/atacante-america-fala-sobre-segundona\/","chapeu":"CRAQUE","data":"16\/08\/2026","imagem":"https:\/\/images.futebolinterior.com.br\/2026\/08\/KVxZPEp0-image-300x229.webp","resumo":"Depois de vencer o jogo de ida por 2 a 0, o time rio-pretense n\u00e3o conseguiu segurar a vantagem no Est\u00e1dio Comendador Agostinho Prada, mas garantiu o acesso \u00e0 S\u00e9rie A4 "},"2517947":{"titulo":"Independente 4 x 1 Am\u00e9rica - Galo goleia e \u00e9 campe\u00e3o ap\u00f3s 15 anos","link":"https:\/\/www.futebolinterior.com.br\/independente-goleia-america-campeao\/","chapeu":"CAMPE\u00c3O!","data":"16\/08\/2026","imagem":"https:\/\/images.futebolinterior.com.br\/2026\/08\/independente-limeira-segundona-paulista-4-300x197.webp","resumo":"Independente de Limeira reverte desvantagem, goleia o Am\u00e9rica por 4 a 1 e conquista o t\u00edtulo do Campeonato Paulista Sub-23 Segunda Divis\u00e3o. Veja detalhes!"},"2517638":{"titulo":"Independente x Am\u00e9rica-SP - Onde assistir, hor\u00e1rio e escala\u00e7\u00f5es!","link":"https:\/\/www.futebolinterior.com.br\/independente-america-final-segundona\/","chapeu":"VALE A TA\u00c7A","data":"15\/08\/2026","imagem":"https:\/\/images.futebolinterior.com.br\/2026\/08\/KG73yxln-image-300x163.webp","resumo":"A expectativa \u00e9 de um grande p\u00fablico, com quase 2.500 pessoas esperadas para acompanhar a decis\u00e3o na casa do Galo limeirense"},"2514142":{"titulo":"Rumo \u00e0 ta\u00e7a da Segundona: Am\u00e9rica-SP e Independente revivem passado vitorioso","link":"https:\/\/www.futebolinterior.com.br\/rumo-a-taca-da-segundona-america-sp-e-independente-revivem-passado-vitorioso\/","chapeu":"Relembre!","data":"14\/08\/2026","imagem":"https:\/\/images.futebolinterior.com.br\/2026\/08\/Captura-de-tela-2026-08-10-075213-300x172.webp","resumo":"O confronto de ida colocou o Rubro em enorme vantagem. Jogando no Teixeir\u00e3o, o Am\u00e9rica-SP superou o rival por 2 a 0"},"2514713":{"titulo":"Independente busca virada rara contra o Am\u00e9rica-SP para ser campe\u00e3o da Segundona","link":"https:\/\/www.futebolinterior.com.br\/independente-busca-virada-rara-contra-o-america-sp-para-ser-campeao-da-segundona\/","chapeu":"SER\u00c1?","data":"14\/08\/2026","imagem":"https:\/\/images.futebolinterior.com.br\/2026\/08\/independente-300x200.avif","resumo":"Em levantamento hist\u00f3rico das finais da competi\u00e7\u00e3o, apenas uma equipe conseguiu reverter uma desvantagem de dois gols em uma decis\u00e3o."},"2515798":{"titulo":"Independente convoca torcida e distribui ingressos gratuitos para final da Bezinha","link":"https:\/\/www.futebolinterior.com.br\/independente-convoca-torcida-e-distribui-ingressos-gratuitos-para-final-da-bezinha\/","chapeu":"EXPECTATIVA","data":"13\/08\/2026","imagem":"https:\/\/images.futebolinterior.com.br\/2026\/08\/IMG_6928-300x148.webp","resumo":""},"2515676":{"titulo":"Am\u00e9rica espera contar com forte apoio da torcida em Limeira","link":"https:\/\/www.futebolinterior.com.br\/america-espera-contar-com-forte-apoio-da-torcida-em-limeira\/","chapeu":"UNI\u00c3O","data":"13\/08\/2026","imagem":"https:\/\/images.futebolinterior.com.br\/2026\/08\/AMERICA-300x139.webp","resumo":"Cinco \u00f4nibus j\u00e1 foram fretados com destino \u00e0 cidade de Limeira para empurrar o time rumo \u00e0 conquista do t\u00edtulo da Segundona Paulista"}}