{"2301638":{"titulo":"Klopp detona o Mundial de Clubes: 'Pior ideia j\u00e1 vista no futebol'","link":"https:\/\/www.futebolinterior.com.br\/klopp-detona-o-mundial-de-clubes-pior-ideia-ja-vista-no-futebol\/","chapeu":"DISPAROU","data":"28\/06\/2025","imagem":"https:\/\/images.futebolinterior.com.br\/2025\/06\/Klopp-300x200.webp","resumo":"O alem\u00e3o de 58 anos mostrou seu total rep\u00fadio ao formato extenso implementado pela Fifa."},"2301612":{"titulo":"Menos de 1%: Palmeiras \u00e9 o brasileiro com mais chances de conquistar o Mundial","link":"https:\/\/www.futebolinterior.com.br\/menos-de-1-palmeiras-e-o-brasileiro-com-mais-chances-de-conquistar-o-mundial\/","chapeu":"SER\u00c1?","data":"28\/06\/2025","imagem":"https:\/\/images.futebolinterior.com.br\/2025\/06\/54615854080_df5a53cb0d_c-300x169.webp","resumo":"O mata-mata ser\u00e1 aberto com um confronto brasileiro. Palmeiras e Botafogo se enfrentam neste s\u00e1bado, \u00e0s 13h (de Bras\u00edlia)"},"2301620":{"titulo":"De rivais na S\u00e9rie B \u00e0 disputa global: Palmeiras e Botafogo reeditam cl\u00e1ssico de 2003 no Mundial de Clubes","link":"https:\/\/www.futebolinterior.com.br\/de-rivais-na-serie-b-a-disputa-global-palmeiras-e-botafogo-reeditam-classico-de-2003-no-mundial-de-clubes\/","chapeu":"PASSADO!","data":"28\/06\/2025","imagem":"https:\/\/images.futebolinterior.com.br\/2025\/06\/PALMEIRAS-1-300x271.webp","resumo":"O duelo no Mundial de Clubes acontecer\u00e1 neste s\u00e1bado, \u00e0s 13h, e definir\u00e1 o primeiro time classificado \u00e0s quartas do torneio "},"2301383":{"titulo":"MUNDIAL DE CLUBES: Confira os jogos de s\u00e1bado","link":"https:\/\/www.futebolinterior.com.br\/mundial-de-clubes-confira-os-jogos-de-sabado\/","chapeu":"OITAVAS","data":"28\/06\/2025","imagem":"https:\/\/images.futebolinterior.com.br\/2025\/06\/Botafogo-x-Palmeiras-300x132.webp","resumo":"Pelas oitavas de final do Mundial de Clubes, o Palmeiras encara o Botafogo; Chelsea e Benfica tamb\u00e9m se enfrentam"},"2301487":{"titulo":"Brasileiros dominam artilharia do Mundial de Clubes com maior pluralidade da hist\u00f3ria","link":"https:\/\/www.futebolinterior.com.br\/esportes-brasileiros-dominam-artilharia-do-mundial-de-clubes-com-maior-pluralidade-da-historia\/","chapeu":"ARTILHEIROS","data":"27\/06\/2025","imagem":"https:\/\/images.futebolinterior.com.br\/2025\/06\/54601933073_53fc0170bf_o-300x200.webp","resumo":"Foram 144 gols em 48 jogos, uma m\u00e9dia de tr\u00eas por partida."},"2301499":{"titulo":"Soteldo e Thiago Silva treinam e podem ficar \u00e0 disposi\u00e7\u00e3o no Fluminense","link":"https:\/\/www.futebolinterior.com.br\/soteldo-thiago-silva-fluminense-inter-milao-mundial-clubes-oitavas\/","chapeu":"REFOR\u00c7OS?","data":"27\/06\/2025","imagem":"https:\/\/images.futebolinterior.com.br\/2025\/06\/Screenshot_79-300x180.webp","resumo":"Fluminense pode ter os retornos de Soteldo e Thiago Silva nas oitavas do Mundial contra a Inter de Mil\u00e3o"},"2301479":{"titulo":"Gola\u00e7o de Savinho reacende debate sobre venda do Atl\u00e9tico-MG","link":"https:\/\/www.futebolinterior.com.br\/golaco-savinho-manchester-city-atletico-mg-venda-grupo-city\/","chapeu":"E A GRANA?","data":"27\/06\/2025","imagem":"https:\/\/images.futebolinterior.com.br\/2025\/06\/Screenshot_76-300x210.webp","resumo":"Atacante brilha no Manchester City e torcedores do Atl\u00e9tico-MG relembram detalhes da venda"},"2301429":{"titulo":"Juventus corta zagueiro no Mundial de Clubes ap\u00f3s grave les\u00e3o","link":"https:\/\/www.futebolinterior.com.br\/juventus-corta-zagueiro-no-mundial-de-clubes-apos-grave-lesao\/","chapeu":"CORTADO","data":"27\/06\/2025","imagem":"https:\/\/images.futebolinterior.com.br\/2025\/06\/Screenshot_744-300x253.webp","resumo":"O defensor da Juventus sofreu uma les\u00e3o capsuloligamentar grave no tornozelo esquerdo"},"2301472":{"titulo":"Abel se irrita e cita Messi e CR7 para defender Est\u00eav\u00e3o: '\u00c9 puro e ing\u00eanuo'","link":"https:\/\/www.futebolinterior.com.br\/abel-se-irrita-e-defende-estevao\/","chapeu":"POL\u00caMICA","data":"27\/06\/2025","imagem":"https:\/\/images.futebolinterior.com.br\/2025\/06\/Abel-300x158.webp","resumo":"Abel se irritou com perguntas sobre Est\u00eav\u00e3o nesta sexta-feira, v\u00e9spera da partida contra o Botafogo que definir\u00e1 o primeiro classificado \u00e0s quartas de final"},"2301361":{"titulo":"Palmeiras e Botafogo sem favorito no Mundial de Clubes","link":"https:\/\/www.futebolinterior.com.br\/palmeiras-e-botafogo-sem-favorito-no-mundial-de-clubes\/","chapeu":"OPINI\u00c3O FI","data":"27\/06\/2025","imagem":"https:\/\/images.futebolinterior.com.br\/2025\/06\/brBULPKX-Palmeiras-Botafogo-imagem-300x135.webp","resumo":"Em tese, por estar formado a mais tempo, o Verd\u00e3o levaria alguma vantagem e estaria mais perto da vit\u00f3ria. Mas o Botafogo est\u00e1 em alta e pode vencer"}}