{"2302231":{"titulo":"Palmeiras ganha folga ap\u00f3s classifica\u00e7\u00e3o no Mundial e muda de base nos Estados Unidos","link":"https:\/\/www.futebolinterior.com.br\/palmeiras-folga-classificacao-mundial\/","chapeu":"BOA","data":"29\/06\/2025","imagem":"https:\/\/images.futebolinterior.com.br\/2025\/06\/6HCz19lX-Palmeiras-300x158.webp","resumo":"O Palmeiras, comandado pelo t\u00e9cnico Abel Ferreira folga neste domingo e retoma as atividades na segunda-feira"},"2302191":{"titulo":"PSG 4 x 0 Inter Miami - 45 minutos e classifica\u00e7\u00e3o para as oitavas de final","link":"https:\/\/www.futebolinterior.com.br\/psg-4-x-0-inter-miami\/","chapeu":"CLASSIFICADO","data":"29\/06\/2025","imagem":"https:\/\/images.futebolinterior.com.br\/2025\/06\/PSG-1-300x200.webp","resumo":"PSG arrasa fr\u00e1gil defesa do Inter Miami em 45 minutos e tira Messi do Mundial de Clubes"},"2302181":{"titulo":"Messi reencontra PSG ap\u00f3s passagem frustrante por equipe francesa ao lado de Neymar e Mbapp\u00e9","link":"https:\/\/www.futebolinterior.com.br\/messi-reencontra-psg-mundial\/","chapeu":"REENCONTRO","data":"29\/06\/2025","imagem":"https:\/\/images.futebolinterior.com.br\/2025\/06\/Messi-300x261.webp","resumo":"O pr\u00f3prio Messi j\u00e1 admitiu que n\u00e3o gostou da experi\u00eancia em Paris"},"2302154":{"titulo":"T\u00e9cnico do Chelsea critica escolha dos EUA para sediar Mundial: 'N\u00e3o \u00e9 futebol, \u00e9 uma piada'","link":"https:\/\/www.futebolinterior.com.br\/tecnico-do-chelsea-critica-eua\/","chapeu":"POL\u00caMICA","data":"29\/06\/2025","imagem":"https:\/\/images.futebolinterior.com.br\/2025\/06\/964ysfyV-Chelsea-300x158.webp","resumo":"T\u00e9cnico do Chelsea critica escolha dos EUA para sediar Mundial: 'N\u00e3o \u00e9 futebol, \u00e9 uma piada'"},"2302151":{"titulo":"Endrick se junta ao grupo do Real Madrid nos EUA antes do duelo com a Juventus pelo Mundial","link":"https:\/\/www.futebolinterior.com.br\/endrick-se-junta-real-madrid-mundial\/","chapeu":"CHEGOU","data":"29\/06\/2025","imagem":"https:\/\/images.futebolinterior.com.br\/2025\/06\/Endrick-300x158.webp","resumo":"Endrick se junta ao grupo do Real Madrid nos EUA antes do duelo com a Juventus pelo Mundial"},"2301404":{"titulo":"MUNDIAL DE CLUBES: Confira os jogos de domingo","link":"https:\/\/www.futebolinterior.com.br\/mundial-de-clubes-confira-os-jogos-de-domingo\/","chapeu":"OITAVAS","data":"29\/06\/2025","imagem":"https:\/\/images.futebolinterior.com.br\/2025\/06\/Flamengo-300x155.webp","resumo":"Flamengo ter\u00e1 pela frente o poderoso Bayern de Munique; Destaque do Inter Miami, Messi reencontra o PSG"},"2301926":{"titulo":"Soteldo garante que est\u00e1 recuperado e pode ser refor\u00e7o do Fluminense","link":"https:\/\/www.futebolinterior.com.br\/soteldo-fluminense-mundial\/","chapeu":"SER\u00c1?","data":"28\/06\/2025","imagem":"https:\/\/images.futebolinterior.com.br\/2025\/06\/images-16-300x213.webp","resumo":"Fluminense tem desafio pelo Mundial de Clubes para seguir sonhando com o t\u00edtulo "},"2301892":{"titulo":"Palmeiras jogar\u00e1 quartas do Mundial com zaga quase reserva","link":"https:\/\/www.futebolinterior.com.br\/palmeiras-jogara-quartas-com-zaga-reserva\/","chapeu":"COMPLICOU?","data":"28\/06\/2025","imagem":"https:\/\/images.futebolinterior.com.br\/2025\/06\/Palmeiras-tera-zaga-quase-toda-reserva-contra-o-CHelsea-300x169.webp","resumo":"Micael, Naves e Benedetti s\u00e3o candidatos para jogar com Bruno Fuchs na zaga do Palmeiras"},"2301843":{"titulo":"Benfica 1 x 4 Chelsea - Advers\u00e1rio do Palmeiras definido ap\u00f3s jogo de 5 horas","link":"https:\/\/www.futebolinterior.com.br\/benfica-1-x-4-chelsea-adversario-do-palmeiras-definido-apos-jogo-de-5-horas\/","chapeu":"AVAN\u00c7OU","data":"28\/06\/2025","imagem":"https:\/\/images.futebolinterior.com.br\/2025\/06\/Screenshot_28-300x183.webp","resumo":""},"2301844":{"titulo":"Torcida do Palmeiras festeja no Allianz Parque ap\u00f3s vaga no Mundial","link":"https:\/\/www.futebolinterior.com.br\/torcida-do-palmeiras-festeja-no-allianz-parque-apos-vaga-no-mundial\/","chapeu":"COMEMORA\u00c7\u00c3O","data":"28\/06\/2025","imagem":"https:\/\/images.futebolinterior.com.br\/2025\/06\/Screenshot_31-300x196.webp","resumo":"Palmeiras vence Botafogo com gol de Paulinho na prorroga\u00e7\u00e3o e avan\u00e7a \u00e0s quartas do Mundial de Clubes.\n\n"}}