{"2302869":{"titulo":"De olho nos craques: irm\u00e3os empurram Inter de Mil\u00e3o no Mundial de Clubes","link":"https:\/\/www.futebolinterior.com.br\/irmaos-inter-de-milao-no-mundial\/","chapeu":"BONS DE BOLA","data":"30\/06\/2025","imagem":"https:\/\/images.futebolinterior.com.br\/2025\/06\/gHsaC2NT-image-300x209.webp","resumo":"Francesco Pio Esposito tem 20 anos e estreou pelo profissional da Inter de Mil\u00e3o na vit\u00f3ria sobre o Urawa no Mundial de Clubes. Ele entrou substituindo o pr\u00f3prio irm\u00e3o, Sebastiano, de 22"},"2302870":{"titulo":"Mbapp\u00e9 treina e Real Madrid fecha prepara\u00e7\u00e3o para encarar a Juventus","link":"https:\/\/www.futebolinterior.com.br\/mbappe-treina-e-real-madrid-fecha-preparacao\/","chapeu":"DE VOLTA?","data":"30\/06\/2025","imagem":"https:\/\/images.futebolinterior.com.br\/2025\/06\/Mbappe-esta-de-volta-ao-Real-Madrid-300x197.webp","resumo":"Totalmente recuperados, Kylian Mbapp\u00e9 e Carvajal participaram do treinamento e est\u00e3o \u00e0 disposi\u00e7\u00e3o do t\u00e9cnico do Real Madrid"},"2302759":{"titulo":"Arrascaeta valoriza atua\u00e7\u00e3o do Flamengo contra o Bayern","link":"https:\/\/www.futebolinterior.com.br\/arrascaeta-valoriza-atuacao-do-flamengo\/","chapeu":"VALORIZOU","data":"30\/06\/2025","imagem":"https:\/\/images.futebolinterior.com.br\/2025\/06\/Arrascaeta-valoriza-atuacao-do-Flamengo-contra-o-Bayern-300x200.webp","resumo":"O Flamengo deixou o Mundial de Clubes com uma campanha de duas vit\u00f3rias, um empate e uma derrota"},"2302629":{"titulo":"Internazionale x Fluminense - Fluz\u00e3o quer a vaga nas quartas do Mundial","link":"https:\/\/www.futebolinterior.com.br\/internazionale-fluminense-pelo-mundial\/","chapeu":"VAI SAIR FA\u00cdSCA","data":"30\/06\/2025","imagem":"https:\/\/images.futebolinterior.com.br\/2025\/06\/M5hEwzz4-image-300x179.webp","resumo":"Agora contra o vice-campe\u00e3o da Liga dos Campe\u00f5es, o t\u00e9cnico deve contar com a volta de Thiago Silva, que n\u00e3o jogou contra o Mamelodi por precau\u00e7\u00e3o, ap\u00f3s sentir a parte posterior"},"2302609":{"titulo":"Botafogo demite Renato Paiva ap\u00f3s elimina\u00e7\u00e3o no Mundial de Clubes","link":"https:\/\/www.futebolinterior.com.br\/botafogo-anuncia-demissao-renato-paiva\/","chapeu":"BOMBA ","data":"30\/06\/2025","imagem":"https:\/\/images.futebolinterior.com.br\/2025\/06\/LnSOKM63-image-300x195.webp","resumo":"Renato Paiva foi anunciado como t\u00e9cnico do Botafogo por John Textor no dia 27 de fevereiro, ap\u00f3s o clube iniciar a temporada com um treinador interino"},"2302476":{"titulo":"Renato Ga\u00facho usa queda de rival em estrat\u00e9gia do Fluminense contra a Inter","link":"https:\/\/www.futebolinterior.com.br\/renato-gaucho-usa-queda-de-rival-em-estrategia\/","chapeu":"ERRO ZERO","data":"29\/06\/2025","imagem":"https:\/\/images.futebolinterior.com.br\/2025\/06\/Renato-Gaucho-usa-queda-do-Flamengo-como-estrategia-300x200.webp","resumo":"Ciente que em mata-mata qualquer vacilo custa caro, Renato pediu aten\u00e7\u00e3o total a seu grupo"},"2302437":{"titulo":"Chivu elogia Fluminense, mas confia na Inter de Mil\u00e3o: '\u00c0 altura do desafio'","link":"https:\/\/www.futebolinterior.com.br\/chivu-elogia-fluminense-mas-confia-na-inter-de-milao-a-altura-do-desafio\/","chapeu":"CONFIANTE","data":"29\/06\/2025","imagem":"https:\/\/images.futebolinterior.com.br\/2025\/06\/Screenshot_51-300x208.webp","resumo":"Cristian Chivu elogiou bastante o oponente, admitiu que ser\u00e1 uma grande batalha, mas garante que a Inter de Mil\u00e3o est\u00e1 preparada"},"2302404":{"titulo":"Filipe Lu\u00eds admite superioridade do Bayern, mas elogia Flamengo","link":"https:\/\/www.futebolinterior.com.br\/filipe-luis-elogia-flamengo-mundial\/","chapeu":"ORGULHOSO","data":"29\/06\/2025","imagem":"https:\/\/images.futebolinterior.com.br\/2025\/06\/Filipe-Luis-elogia-Flamengo-no-Mundial-300x200.webp","resumo":"Filipe Lu\u00eds espera levar para o Rio de Janeiro o que o Flamengo fez de bom nos Estados unidos"},"2302367":{"titulo":"Messi se despede do Mundial de Clubes com apenas um gol","link":"https:\/\/www.futebolinterior.com.br\/messi-se-despede-do-mundial-com-apenas-um-gol\/","chapeu":"APAGADO?","data":"29\/06\/2025","imagem":"https:\/\/images.futebolinterior.com.br\/2025\/06\/Messi-se-despede-do-Mundial-com-apenas-um-gol-1-300x200.webp","resumo":"Aos 38 anos, Messi agora se volta totalmente para a Copa do Mundo de 2026, que deve ser a sua \u00faltima"},"2302331":{"titulo":"Flamengo 2 x 4 Bayern de Munique - Fla tenta, mas n\u00e3o segura m\u00e1quina alem\u00e3","link":"https:\/\/www.futebolinterior.com.br\/flamengo-2-x-4-bayern-de-munique-fla-tenta-mas-nao-segura-maquina-alema\/","chapeu":"N\u00c3O DEU","data":"29\/06\/2025","imagem":"https:\/\/images.futebolinterior.com.br\/2025\/06\/54622150751_f79d97d1e8_c-300x200.webp","resumo":"O Flamengo deu adeus ao Mundial de Clubes neste domingo ao ser derrotado por 4 a 2 pelo Bayern de Munique"}}