{"2523363":{"titulo":"Munhoz valoriza evolu\u00e7\u00e3o do Paulista e fala sobre desafio","link":"https:\/\/www.futebolinterior.com.br\/munhoz-evolucao-paulista-desafio\/","chapeu":"NOVA FASE","data":"24\/08\/2026","imagem":"https:\/\/images.futebolinterior.com.br\/2026\/03\/IMG_0800-1-300x200.webp","resumo":"O Gr\u00eamio Prudente ser\u00e1 o advers\u00e1rio do Paulista no play-in. Munhoz reconheceu a qualidade do rival e afirmou que os pr\u00f3ximos dias ser\u00e3o importantes"},"2523360":{"titulo":"Artilheiro Paulinho destaca for\u00e7a do Juventus ap\u00f3s goleada","link":"https:\/\/www.futebolinterior.com.br\/paulinho-destaca-forca-juventus\/","chapeu":"HAT-TRICK","data":"24\/08\/2026","imagem":"https:\/\/images.futebolinterior.com.br\/2026\/08\/XTaICXtL-image-300x206.webp","resumo":"O Juventus terminou a primeira fase com 10 pontos em seis partidas, levando vantagem sobre o Primavera no saldo de gols"},"2523347":{"titulo":"Presidente do Comercial convoca torcida para decis\u00e3o","link":"https:\/\/www.futebolinterior.com.br\/presidente-comercial-convoca-torcida\/","chapeu":"JOGO DURO","data":"24\/08\/2026","imagem":"https:\/\/images.futebolinterior.com.br\/2026\/08\/jbD8HN08-image-300x213.webp","resumo":"O Comercial terminou a primeira fase na terceira coloca\u00e7\u00e3o do Grupo 2, com sete pontos em seis partidas e duas vit\u00f3rias"},"2523345":{"titulo":"Thiago Oliveira destaca for\u00e7a do elenco e pensa nos play-ins","link":"https:\/\/www.futebolinterior.com.br\/thiago-oliveira-forca-elenco-play-ins\/","chapeu":"AVAN\u00c7OU","data":"24\/08\/2026","imagem":"https:\/\/images.futebolinterior.com.br\/2026\/07\/Thiago-Oliveira-300x229.webp","resumo":"Thiago Oliveira projetou o duelo contra o Bandeirante de Birigui, que ser\u00e1 o advers\u00e1rio do Uni\u00e3o S\u00e3o Jo\u00e3o nos play-ins"},"2523340":{"titulo":"Zagueiro do Mar\u00edlia sofre fratura no tornozelo","link":"https:\/\/www.futebolinterior.com.br\/zagueiro-marilia-fratura-tornozelo\/","chapeu":"LES\u00c3O","data":"24\/08\/2026","imagem":"https:\/\/images.futebolinterior.com.br\/2026\/08\/KDNtH55x-image-300x199.webp","resumo":"A les\u00e3o aconteceu no segundo tempo da partida, ap\u00f3s o jogador se chocar com um jogador do Gr\u00eamio Prudente em uma disputa de bola"},"2522657":{"titulo":"PLACAR FI: Com Bayern CAMPE\u00c3O, confira os RESULTADOS deste S\u00c1BADO","link":"https:\/\/www.futebolinterior.com.br\/confira-o-placar-fi-deste-sabado-51\/","chapeu":"COMPLET\u00c3O ","data":"22\/08\/2026","imagem":"https:\/\/images.futebolinterior.com.br\/2026\/08\/bayern-munique-300x172.webp","resumo":"Claro, o Placar ao Vivo do\u00a0Portal Futebol Interior\u00a0acompanhou todos os jogos e traz para voc\u00ea a lista com todos os resultados. Confira!"},"2522623":{"titulo":"Linense 2 x 0 Bandeirante - Elefante avan\u00e7a em 1\u00ba e segue invicto","link":"https:\/\/www.futebolinterior.com.br\/linense-2-x-0-bandeirante-elefante-segue-invicto\/","chapeu":"JOG\u00c3O","data":"22\/08\/2026","imagem":"https:\/\/images.futebolinterior.com.br\/2026\/08\/linense-copa-paulista-300x200.webp","resumo":"J\u00e1 o Bandeirante terminou na segunda coloca\u00e7\u00e3o do grupo, com oito pontos, e disputar\u00e1 o Play-In contra o Uni\u00e3o S\u00e3o Jo\u00e3o"},"2522574":{"titulo":"Gr\u00eamio Prudente 1 x 0 Mar\u00edlia - Elimina\u00e7\u00e3o com cara de rebaixamento!","link":"https:\/\/www.futebolinterior.com.br\/gremio-prudente-1-x-0-marilia\/","chapeu":"VEXAME","data":"22\/08\/2026","imagem":"https:\/\/images.futebolinterior.com.br\/2026\/08\/l66w4z5F-image-300x170.webp","resumo":"O MAC entrou em campo precisando s\u00f3 do empate para avan\u00e7ar, mas acabou derrotado pelo Gr\u00eamio Prudente"},"2522495":{"titulo":"XV de Piracicaba 1 x 1 Uni\u00e3o S\u00e3o Jo\u00e3o - Atual campe\u00e3o eliminado e Verd\u00e3o avan\u00e7a","link":"https:\/\/www.futebolinterior.com.br\/xv-de-piracicaba-eliminado-copa-paulista-2026\/","chapeu":"FORA!","data":"22\/08\/2026","imagem":"https:\/\/images.futebolinterior.com.br\/2026\/08\/xv-de-piracicaba-uniao-sao-joao-copa-paulista-2026-300x197.webp","resumo":"Atual campe\u00e3o, XV de Piracicaba empata por 1 a 1 com o Uni\u00e3o S\u00e3o Jo\u00e3o e se despede da Copa Paulista. Araras vai ao Play-In."},"2522572":{"titulo":"Primavera 1 x 2 Paulista - Galo se classifica na Copa Paulista","link":"https:\/\/www.futebolinterior.com.br\/primavera-1-x-2-paulista-galo-se-classifica-na-copa-paulista\/","chapeu":"JOG\u00c3O","data":"22\/08\/2026","imagem":"https:\/\/images.futebolinterior.com.br\/2026\/08\/pAULISTA-primavera-300x206.webp","resumo":"Com o resultado, aliado \u00e0 vit\u00f3ria do Juventus por 2 a 0 sobre o Osasco na outra partida, Juventus, Primavera e Paulista terminaram com dez pontos "}}