{"2523849":{"titulo":"COPA PAULISTA RIVALO: FPF define datas e hor\u00e1rios do play-in com retorno do Desafio de V\u00eddeo","link":"https:\/\/www.futebolinterior.com.br\/fpf-divulga-tabela-play-in-copa-paulist\/","chapeu":"TUDO CERTO","data":"25\/08\/2026","imagem":"https:\/\/images.futebolinterior.com.br\/2026\/08\/image-300x242.webp","resumo":"Uma das principais mudan\u00e7as \u00e9 o retorno do Desafio de V\u00eddeo, ferramenta que ser\u00e1 utilizada a partir do play-in at\u00e9 a final da competi\u00e7\u00e3o"},"2523805":{"titulo":"Santo Andr\u00e9 define futuro em reuni\u00e3o nesta quinta-feira","link":"https:\/\/www.futebolinterior.com.br\/santo-andre-define-futuro-quinta-feira\/","chapeu":"SAF","data":"25\/08\/2026","imagem":"https:\/\/images.futebolinterior.com.br\/2026\/08\/euWHcI4H-image-300x199.webp","resumo":"A vota\u00e7\u00e3o ser\u00e1 realizada na sede social do Santo Andr\u00e9, localizada no Est\u00e1dio Bruno Jos\u00e9 Daniel, no Parque Ja\u00e7atuba, em Santo Andr\u00e9"},"2523796":{"titulo":"Raphael Pereira v\u00ea rev\u00e9s em Bauru como divisor de \u00e1guas","link":"https:\/\/www.futebolinterior.com.br\/raphael-pereira-reves-divisor-de-aguas\/","chapeu":"APRENDIZADO","data":"25\/08\/2026","imagem":"https:\/\/images.futebolinterior.com.br\/2026\/08\/RAPHAEL-PEREIRA-300x160.webp","resumo":"Para o treinador, o desempenho diante de uma equipe da S\u00e9rie A1 do Campeonato Paulista pode servir como um divisor de \u00e1guas"},"2523726":{"titulo":"Gr\u00eamio Prudente contrata atacante para o mata-mata da Copa Paulista","link":"https:\/\/www.futebolinterior.com.br\/gremio-prudente-contrata-atacante-copa\/","chapeu":"O RETORNO","data":"25\/08\/2026","imagem":"https:\/\/images.futebolinterior.com.br\/2026\/08\/sWEJEgxt-image-300x188.webp","resumo":"O clube anunciou o retorno do atacante Luquinha, que volta ao Carcar\u00e1 para disputar o mata-mata da competi\u00e7\u00e3o e ajudar a equipe na busca por uma vaga nas quartas de final."},"2523694":{"titulo":"S\u00e3o Caetano contrata treinador para os playoffs da Copa Paulista","link":"https:\/\/www.futebolinterior.com.br\/sao-caetano-contrata-treinador-copa-pau\/","chapeu":"NOVIDADE","data":"25\/08\/2026","imagem":"https:\/\/images.futebolinterior.com.br\/2026\/08\/image-300x265.webp","resumo":"Edson Vieira assume o comando da equipe, enquanto Arthur Costa, que vinha dirigindo o time, permanece no clube, mas passa a exercer a fun\u00e7\u00e3o de auxiliar t\u00e9cnico"},"2523627":{"titulo":"Campe\u00e3o fora e lanterna classificado: regulamento da Copa Paulista produz roteiro improv\u00e1vel","link":"https:\/\/www.futebolinterior.com.br\/campeao-fora-e-lanterna-classificado-regulamento-da-copa-paulista-produz-roteiro-improvavel\/","chapeu":"Veja!","data":"25\/08\/2026","imagem":"https:\/\/images.futebolinterior.com.br\/2026\/08\/imagem_2026-08-18_215845377-300x200.webp","resumo":"A primeira fase da Copa Paulista terminou com um cen\u00e1rio surpreendente, e voc\u00ea pode acompanhar tudo no Futebol Interior"},"2523611":{"titulo":"Copa Paulista: FPF detalha play-in nesta nesta ter\u00e7a (25)","link":"https:\/\/www.futebolinterior.com.br\/copa-paulista-fpf-detalha-play-in-nesta-nesta-terca-25\/","chapeu":"PLAY-IN","data":"25\/08\/2026","imagem":"https:\/\/images.futebolinterior.com.br\/2026\/08\/imagem_2026-08-25_003838395-300x217.webp","resumo":"A Federa\u00e7\u00e3o Paulista de Futebol (FPF) divulgar\u00e1, nesta ter\u00e7a-feira (25), os detalhes do play-in da Copa Paulista"},"2523534":{"titulo":"Santo Andr\u00e9 admite erro que custou classifica\u00e7\u00e3o na Copa Paulista e indica que n\u00e3o recorrer\u00e1","link":"https:\/\/www.futebolinterior.com.br\/santo-andre-admite-erro-que-custou-classificacao-na-copa-paulista-e-indica-que-nao-recorrera\/","chapeu":"E AGORA?","data":"24\/08\/2026","imagem":"https:\/\/images.futebolinterior.com.br\/2026\/08\/Captura-de-tela-2026-08-24-203429-300x222.webp","resumo":"O Santo Andr\u00e9 reconheceu a falha administrativa que provocou a escala\u00e7\u00e3o irregular de Alexiel e custou a vaga na pr\u00f3xima fase da Copa Paulista"},"2523431":{"titulo":"Marchiori fala do planejamento futuro do XV ap\u00f3s elimina\u00e7\u00e3o","link":"https:\/\/www.futebolinterior.com.br\/marchiori-futuro-xv-apos-eliminacao\/","chapeu":"E AGORA?","data":"24\/08\/2026","imagem":"https:\/\/images.futebolinterior.com.br\/2026\/05\/Fernando-Marchiori-300x154.webp","resumo":"Com o fim da temporada, o treinador afirmou que o clube precisar\u00e1 conversar internamente antes de definir os pr\u00f3ximos passos"},"2523371":{"titulo":"Comercial define data para duelo contra o EC S\u00e3o Bernardo","link":"https:\/\/www.futebolinterior.com.br\/comercial-define-data-para-duelo-contra-o-ec-sao-bernado\/","chapeu":"DEFINIDO","data":"24\/08\/2026","imagem":"https:\/\/images.futebolinterior.com.br\/2026\/07\/SaveClip.App_751578360_18611964985015005_2620639114594029516_n-300x200.webp","resumo":"Inicialmente, o clube pretendia realizar a partida no s\u00e1bado (29), no per\u00edodo da tarde. Por\u00e9m, precisou ser alterada por conta do compromisso do Botafogo-SP"}}