{"2526455":{"titulo":"Ap\u00f3s goleada para o Primavera, Edson Vieira deixa S\u00e3o Caetano","link":"https:\/\/www.futebolinterior.com.br\/edson-vieira-deixa-sao-caetano\/","chapeu":"V\u00c1RZEA TOTAL","data":"31\/08\/2026","imagem":"https:\/\/images.futebolinterior.com.br\/2026\/08\/EDSON-VIEIRA-300x154.webp","resumo":"S\u00e3o Caetano acerta a sa\u00edda do t\u00e9cnico Edson Vieira e deixa escancarada a fase conturbada que atravessa dentro e fora das quatro linhas"},"2526348":{"titulo":"Comercial x EC S\u00e3o Bernardo - Onde assistir, escala\u00e7\u00f5es e arbitragem!","link":"https:\/\/www.futebolinterior.com.br\/comercial-x-ec-sao-bernardo-play-in\/","chapeu":"DISPUTA","data":"30\/08\/2026","imagem":"https:\/\/images.futebolinterior.com.br\/2026\/07\/Comercial-300x168.webp","resumo":"O duelo de volta est\u00e1 marcado para s\u00e1bado (5), \u00e0s 15h, no Est\u00e1dio Distrital do Inamar, em Diadema"},"2525824":{"titulo":"PLACAR FI: Com S\u00e9rie C, confira os RESULTADOS deste S\u00c1BADO","link":"https:\/\/www.futebolinterior.com.br\/confira-o-placar-fi-deste-sabado-52\/","chapeu":"COMPLET\u00c3O ","data":"29\/08\/2026","imagem":"https:\/\/images.futebolinterior.com.br\/2026\/08\/Ae2nJXU7-image-300x207.webp","resumo":"Claro, o Placar ao Vivo do\u00a0Portal Futebol Interior\u00a0acompanhou todos os jogos e traz para voc\u00ea a lista com todos os resultados. Confira!"},"2525207":{"titulo":"Gr\u00eamio Prudente x Paulista - Onde assistir, arbitragem e escala\u00e7\u00f5es","link":"https:\/\/www.futebolinterior.com.br\/gremio-prudente-x-paulista-onde-assistir-arbitragem-e-escalacoes\/","chapeu":"CONFRONTO","data":"29\/08\/2026","imagem":"https:\/\/images.futebolinterior.com.br\/2026\/08\/GREMIO-PRUDENTE-2-300x143.webp","resumo":"Gr\u00eamio Prudente e Paulista se enfrentam na pr\u00f3xima segunda-feira (31), \u00e0s 19h30, no Est\u00e1dio Paulo Constantino"},"2525813":{"titulo":"Uni\u00e3o S\u00e3o Jo\u00e3o 3 x 0 Bandeirante - Uni\u00e3o abre larga vantagem","link":"https:\/\/www.futebolinterior.com.br\/uniao-sao-joao-3-x-0-bandeirante\/","chapeu":"VENCEU","data":"29\/08\/2026","imagem":"https:\/\/images.futebolinterior.com.br\/2026\/08\/IysJqYLB-image-300x165.webp","resumo":"Com a vit\u00f3ria, o Uni\u00e3o S\u00e3o Jo\u00e3o poder\u00e1 at\u00e9 perder por dois gols de diferen\u00e7a fora de casa que ainda assim garantir\u00e1 a classifica\u00e7\u00e3o"},"2525810":{"titulo":"COPA PAULISTA: Primavera e Uni\u00e3o S\u00e3o Jo\u00e3o encaminham vagas","link":"https:\/\/www.futebolinterior.com.br\/copa-paulista-primavera-e-uniao-sao-joao-encaminham-vagas\/","chapeu":"COME\u00c7OU","data":"29\/08\/2026","imagem":"https:\/\/images.futebolinterior.com.br\/2026\/08\/imagem_2026-08-29_201526469-300x228.webp","resumo":"Mesmo disputando apenas os duelos de ida, Primavera e Uni\u00e3o S\u00e3o Jo\u00e3o praticamente selaram suas classifica\u00e7\u00f5es no play-in da Copa Paulista Rivalo"},"2525681":{"titulo":"S\u00e3o Caetano 0 x 5 Primavera - Fantasma com um p\u00e9 nas quartas","link":"https:\/\/www.futebolinterior.com.br\/sao-caetano-0-x-5-primavera\/","chapeu":"GOLEADA","data":"29\/08\/2026","imagem":"https:\/\/images.futebolinterior.com.br\/2026\/08\/Gws2N3LP-image-300x178.webp","resumo":"O Primavera pode at\u00e9 perder por quatro gols de diferen\u00e7a que, ainda assim, garante a classifica\u00e7\u00e3o"},"2525592":{"titulo":"Paulista anuncia SAF e projeta volta ao Paulist\u00e3o em 2030","link":"https:\/\/www.futebolinterior.com.br\/paulista-anuncia-saf\/","chapeu":"GEST\u00c3O ","data":"29\/08\/2026","imagem":"https:\/\/images.futebolinterior.com.br\/2026\/08\/fb4f663c-3b3a-4de8-9618-7315ec44322f-300x201.webp","resumo":"Novo projeto apresentado pelo Paulista prev\u00ea investimentos em futebol e infraestrutura, gest\u00e3o profissional e metas de longo prazo para o Galo.\n"},"2525582":{"titulo":"COPA PAULISTA RIVALO: Play-in come\u00e7a neste s\u00e1bado com dois confrontos","link":"https:\/\/www.futebolinterior.com.br\/2-jogos-play-in-sabado-copa-paulista\/","chapeu":"VAI PEGAR FOGO","data":"29\/08\/2026","imagem":"https:\/\/images.futebolinterior.com.br\/2026\/08\/MFwL4v5Q-image-300x190.webp","resumo":"A fase ter\u00e1 quatro confrontos, e os vencedores avan\u00e7am para as quartas de final, onde enfrentar\u00e3o os quatro melhores l\u00edderes da primeira fase"},"2525462":{"titulo":"Mais um! Segundo jogador do Mar\u00edlia \u00e9 flagrado atuando na v\u00e1rzea","link":"https:\/\/www.futebolinterior.com.br\/crise-no-marilia-segundo-jogador-e-flagrado-atuando-na-varzea\/","chapeu":"DEU RUIM!","data":"28\/08\/2026","imagem":"https:\/\/images.futebolinterior.com.br\/2026\/08\/Captura-de-tela-2026-08-28-191503-300x174.webp","resumo":"D\u00e9rick defendeu o Jandaia FC no empate por 2 a 2 com o Le\u00e3o do Brejo, pela Primeira Divis\u00e3o do torneio amador"}}