{"2526968":{"titulo":"Vin\u00edcius Munhoz cobra rea\u00e7\u00e3o do Paulista ap\u00f3s goleada na Copa Paulista","link":"https:\/\/www.futebolinterior.com.br\/tecnico-paulista-fala-copa-paulista-6\/","chapeu":"NA BRONCA","data":"01\/09\/2026","imagem":"https:\/\/images.futebolinterior.com.br\/2026\/09\/image-300x280.webp","resumo":"Paulista e Gr\u00eamio Prudente voltam a se enfrentar no dia 7 de setembro, \u00e0s 15h, no Est\u00e1dio Jayme Cintra, em Jundia\u00ed. O Galo precisa vencer por quatro gols de diferen\u00e7a "},"2526648":{"titulo":"Noroeste completa 116 anos em nova era de sua hist\u00f3ria","link":"https:\/\/www.futebolinterior.com.br\/noroeste-completa-116-anos\/","chapeu":"ANIVERS\u00c1RIO","data":"01\/09\/2026","imagem":"https:\/\/images.futebolinterior.com.br\/2026\/08\/o00wPLQu-image-300x199.webp","resumo":"A combina\u00e7\u00e3o entre a tradi\u00e7\u00e3o e as mudan\u00e7as promovidas coloca o Alvirrubro diante do desafio de transformar essa nova fase em estabilidade esportiva"},"2526705":{"titulo":"PLACAR FI: Com Copa Paulista, confira os RESULTADOS desta SEGUNDA-FEIRA","link":"https:\/\/www.futebolinterior.com.br\/confira-o-placar-fi-desta-segunda-feira-29\/","chapeu":"COMPLET\u00c3O","data":"31\/08\/2026","imagem":"https:\/\/images.futebolinterior.com.br\/2026\/08\/Screenshot_355-300x203.webp","resumo":"Claro, o Placar ao Vivo do\u00a0Portal Futebol Interior\u00a0acompanhou todos os jogos e traz para voc\u00ea a lista com todos os resultados. Confira!"},"2526556":{"titulo":"Gr\u00eamio Prudente 4 x 0 Paulista - Carcar\u00e1 coloca um p\u00e9 nas quartas da Copa Paulista Rivalo","link":"https:\/\/www.futebolinterior.com.br\/gremio-prudente-paulista-copa-paulista\/","chapeu":"GOLEADA","data":"31\/08\/2026","imagem":"https:\/\/images.futebolinterior.com.br\/2026\/08\/gremio-prudente-paulista-copa-paulista-300x214.webp","resumo":"Gr\u00eamio Prudente definiu o placar contra o Galo do Japi com uma grande atua\u00e7\u00e3o e gols ainda durante o primeiro tempo"},"2526747":{"titulo":"COPA PAULISTA: Gr\u00eamio Prudente faz 4 e Comercial tamb\u00e9m vence","link":"https:\/\/www.futebolinterior.com.br\/copa-paulista-gremio-prudente-faz-4-e-comercial-tambem-vence\/","chapeu":"PLAY-IN","data":"31\/08\/2026","imagem":"https:\/\/images.futebolinterior.com.br\/2026\/08\/imagem_2026-08-31_220816326-300x198.webp","resumo":"Os dois confrontos de play-in disputados nesta segunda-feira (31) novamente foram protagonizados por um s\u00f3 clube, que encaminharam suas vagas na Copa Paulista Rivalo"},"2526734":{"titulo":"Comercial 2 x 0 EC S\u00e3o Bernardo - Filipinho resolve para o Bafo","link":"https:\/\/www.futebolinterior.com.br\/comercial-2-x-0-ec-sao-bernardo-filipinho-resolve-para-o-bafo\/","chapeu":"2 a 0","data":"31\/08\/2026","imagem":"https:\/\/images.futebolinterior.com.br\/2026\/08\/imagem_2026-08-31_215500012-300x241.webp","resumo":"O Comercial conquistou uma vit\u00f3ria por 2 a 0 diante do EC S\u00e3o Bernardo, no Palma Travassos, em Ribeir\u00e3o Preto, e caminha rumo \u00e0s quartas"},"2526664":{"titulo":"Noroeste tem cinco jogadores no DM antes de duelo","link":"https:\/\/www.futebolinterior.com.br\/noroeste-tem-cinco-jogadores-no-dm-antes-de-duelo\/","chapeu":"LOTADO","data":"31\/08\/2026","imagem":"https:\/\/images.futebolinterior.com.br\/2026\/07\/w9SqKvvR-image-300x148.webp","resumo":"Al\u00e9m deles, a \"enfermaria\" da Locomotiva de Bauru conta ainda com o meio-campista Tiago Lopes"},"2526595":{"titulo":"Paulista de Jundia\u00ed anuncia volante L\u00e9o Alves para play-in","link":"https:\/\/www.futebolinterior.com.br\/paulista-anuncia-volante-leo-alves\/","chapeu":"REFOR\u00c7O","data":"31\/08\/2026","imagem":"https:\/\/images.futebolinterior.com.br\/2026\/08\/EbobKluX-image-300x138.webp","resumo":"L\u00e9o Alves estava no Independente de Limeira, equipe que conquistou o acesso da Bezinha para a S\u00e9rie A4 do Campeonato Paulista do pr\u00f3ximo ano"},"2526585":{"titulo":"Juventus intensifica prepara\u00e7\u00e3o para as quartas de final","link":"https:\/\/www.futebolinterior.com.br\/juventus-intensifica-preparacao-quartas\/","chapeu":"FOCADO","data":"31\/08\/2026","imagem":"https:\/\/images.futebolinterior.com.br\/2026\/08\/mII9okAV-image-300x163.webp","resumo":"O Juventus retomou os trabalhos na semana passada e, na sexta-feira, realizou um mini coletivo sob o comando do t\u00e9cnico Thiago Carvalho"},"2526578":{"titulo":"Copa Paulista: Artilheiro do Primavera \u00e9 destaque em goleada","link":"https:\/\/www.futebolinterior.com.br\/artilheiro-primavera-destaque-goleada\/","chapeu":"HAT-TRICK","data":"31\/08\/2026","imagem":"https:\/\/images.futebolinterior.com.br\/2026\/08\/JHkOJgDL-image-300x154.webp","resumo":"Revelado em 2024 pelo Gr\u00eamio An\u00e1polis, Kau\u00e3 Cunha est\u00e1 no Primavera desde o ano passado e vem ganhando espa\u00e7o no elenco"}}