{"2527444":{"titulo":"Bandeirante focado na decis\u00e3o contra o Uni\u00e3o em casa","link":"https:\/\/www.futebolinterior.com.br\/bandeirante-focado-decisao-uniao\/","chapeu":"AINDA VIVO","data":"02\/09\/2026","imagem":"https:\/\/images.futebolinterior.com.br\/2026\/09\/b2UT991i-image-300x202.webp","resumo":"O t\u00e9cnico L\u00facio Borges n\u00e3o gostou da postura apresentada pela equipe na primeira partida, mas ainda acredita na possibilidade de rea\u00e7\u00e3o"},"2527436":{"titulo":"Paulista inicia venda de ingressos e pede apoio para virada","link":"https:\/\/www.futebolinterior.com.br\/paulista-venda-ingressos-pede-apoio\/","chapeu":"DIF\u00cdCIL","data":"02\/09\/2026","imagem":"https:\/\/images.futebolinterior.com.br\/2023\/11\/imagem_2023-11-01_181144481-300x156.png","resumo":"Mesmo diante da dif\u00edcil miss\u00e3o, o time de Jundia\u00ed ainda acredita na classifica\u00e7\u00e3o e conta com o apoio de sua torcida"},"2527427":{"titulo":"Juventus perde zagueiro para o restante da temporada","link":"https:\/\/www.futebolinterior.com.br\/juventus-perde-zagueiro-temporada\/","chapeu":"LES\u00c3O","data":"02\/09\/2026","imagem":"https:\/\/images.futebolinterior.com.br\/2026\/09\/image-300x152.webp","resumo":"Aos 32 anos, Fernando vinha sendo uma das op\u00e7\u00f5es utilizadas pelo Juventus durante a temporada de 2026"},"2527410":{"titulo":"Copa Paulista Rivalo: Veja como seriam hoje as quartas de final","link":"https:\/\/www.futebolinterior.com.br\/como-seria-quartas-da-copa-paulista\/","chapeu":"FIQUE LIGADO ","data":"02\/09\/2026","imagem":"https:\/\/images.futebolinterior.com.br\/2026\/09\/image-300x227.webp","resumo":"O Linense, dono da melhor campanha da primeira fase, terminou a etapa inicial com 14 pontos em seis jogos, sendo quatro vit\u00f3rias e dois empates"},"2527316":{"titulo":"O time de v\u00e1rzea que reuniu jogadores da Copa Paulista e virou problema para tr\u00eas clubes","link":"https:\/\/www.futebolinterior.com.br\/o-time-de-varzea-que-reuniu-jogadores-da-copa-paulista-e-virou-problema-para-tres-clubes\/","chapeu":"ENTENDA!","data":"02\/09\/2026","imagem":"https:\/\/images.futebolinterior.com.br\/2026\/09\/Captura-de-tela-2026-09-02-095636-300x150.webp","resumo":"O ponto de encontro foi o Campeonato Amador Municipal de Ribeir\u00e3o Preto"},"2527075":{"titulo":"Uni\u00e3o pede concentra\u00e7\u00e3o para jogo fora contra Bandeirante","link":"https:\/\/www.futebolinterior.com.br\/uniao-concentracao-jogo-bandeirante\/","chapeu":"EM ABERTO?","data":"01\/09\/2026","imagem":"https:\/\/images.futebolinterior.com.br\/2026\/09\/image-300x177.webp","resumo":"O treinador conhece bem o advers\u00e1rio e espera um confronto complicado fora de casa, principalmente pela for\u00e7a da torcida do Bandeirante"},"2527062":{"titulo":"T\u00e9cnico do S\u00e3o Jos\u00e9 destaca evolu\u00e7\u00e3o antes de jogo-treino","link":"https:\/\/www.futebolinterior.com.br\/sao-jose-evolucao-jogo-treino\/","chapeu":"NOVIDADES","data":"01\/09\/2026","imagem":"https:\/\/images.futebolinterior.com.br\/2026\/09\/image-300x161.webp","resumo":"A comiss\u00e3o t\u00e9cnica tamb\u00e9m utiliza os treinamentos para adaptar os refor\u00e7os que chegaram ao clube. Quatro novos jogadores foram inscritos"},"2526972":{"titulo":"Epit\u00e1cio rejeita clima de oba-oba ap\u00f3s goleada do Gr\u00eamio Prudente","link":"https:\/\/www.futebolinterior.com.br\/tecnico-gremio-prudente-copa-paulista-9\/","chapeu":"NA BOA","data":"01\/09\/2026","imagem":"https:\/\/images.futebolinterior.com.br\/2026\/09\/image-300x235.webp","resumo":"Paulista e Gr\u00eamio Prudente voltam a se enfrentar no dia 7 de setembro, \u00e0s 15h, no Est\u00e1dio Jayme Cintra, em Jundia\u00ed. O Gr\u00eamio Prudente poder\u00e1 perder por at\u00e9 tr\u00eas gols de diferen\u00e7a"},"2526968":{"titulo":"Vin\u00edcius Munhoz cobra rea\u00e7\u00e3o do Paulista ap\u00f3s goleada na Copa Paulista","link":"https:\/\/www.futebolinterior.com.br\/tecnico-paulista-fala-copa-paulista-6\/","chapeu":"NA BRONCA","data":"01\/09\/2026","imagem":"https:\/\/images.futebolinterior.com.br\/2026\/09\/image-300x280.webp","resumo":"Paulista e Gr\u00eamio Prudente voltam a se enfrentar no dia 7 de setembro, \u00e0s 15h, no Est\u00e1dio Jayme Cintra, em Jundia\u00ed. O Galo precisa vencer por quatro gols de diferen\u00e7a "},"2526648":{"titulo":"Noroeste completa 116 anos em nova era de sua hist\u00f3ria","link":"https:\/\/www.futebolinterior.com.br\/noroeste-completa-116-anos\/","chapeu":"ANIVERS\u00c1RIO","data":"01\/09\/2026","imagem":"https:\/\/images.futebolinterior.com.br\/2026\/08\/o00wPLQu-image-300x199.webp","resumo":"A combina\u00e7\u00e3o entre a tradi\u00e7\u00e3o e as mudan\u00e7as promovidas coloca o Alvirrubro diante do desafio de transformar essa nova fase em estabilidade esportiva"}}