{"2518927":{"titulo":"T\u00e9cnico do Santo Andr\u00e9 mira evolu\u00e7\u00e3o contra o S\u00e3o Bernardo","link":"https:\/\/www.futebolinterior.com.br\/tecnico-do-santo-andre-mira-evolucao-contra-o-sao-bernardo\/","chapeu":"PREPARA\u00c7\u00c3O","data":"18\/08\/2026","imagem":"https:\/\/images.futebolinterior.com.br\/2026\/08\/BETINHO-300x161.webp","resumo":"Betinho analisa momento do Santo Andr\u00e9 e convoca a torcida para apoiar o time na pr\u00f3xima rodada da Copa Paulista Rivalo"},"2518918":{"titulo":"Jos\u00e9 Mario Pavan se afasta do Uni\u00e3o S\u00e3o Jo\u00e3o e vice assume","link":"https:\/\/www.futebolinterior.com.br\/pavan-se-afasta-uniao-sao-joao\/","chapeu":"MUDAN\u00c7A","data":"18\/08\/2026","imagem":"https:\/\/images.futebolinterior.com.br\/2026\/08\/image-300x276.webp","resumo":"Segundo a agremia\u00e7\u00e3o esmeraldina, durante esse per\u00edodo, o vice-presidente Fernando Dezotti Beloto assumir\u00e1 interinamente a presid\u00eancia"},"2518884":{"titulo":"Noroeste encara Uni\u00e3o S\u00e3o Jo\u00e3o em duelo decisivo pela Copa Paulista","link":"https:\/\/www.futebolinterior.com.br\/tecnico-noroeste-fala-copa-paulista-5\/","chapeu":"PRPARA\u00c7\u00c3O ","data":"18\/08\/2026","imagem":"https:\/\/images.futebolinterior.com.br\/2026\/08\/aqCeyS21-image-300x141.webp","resumo":""},"2518878":{"titulo":"Santo Andr\u00e9 \u00e9 denunciado no TJD por poss\u00edvel irregularidade na Copa Paulista","link":"https:\/\/www.futebolinterior.com.br\/santo-andre-denunciado-tjd-copa-paulist\/","chapeu":"DEU RUIM","data":"18\/08\/2026","imagem":"https:\/\/images.futebolinterior.com.br\/2026\/08\/Ma4tRwGH-image-300x259.webp","resumo":"Segundo o artigo, a infra\u00e7\u00e3o pode resultar na perda do n\u00famero m\u00e1ximo de pontos atribu\u00eddos a uma vit\u00f3ria, independentemente do resultado da partida"},"2518789":{"titulo":"De vice da Libertadores a eliminado da Copa Paulista: o novo fundo do po\u00e7o do S\u00e3o Caetano","link":"https:\/\/www.futebolinterior.com.br\/de-vice-da-libertadores-a-eliminado-da-copa-paulista-o-novo-fundo-do-poco-do-sao-caetano\/","chapeu":"QUEDA!","data":"18\/08\/2026","imagem":"https:\/\/images.futebolinterior.com.br\/2026\/08\/Captura-de-tela-2026-08-18-084318-300x193.webp","resumo":"Duas vezes vice-campe\u00e3o brasileiro, finalista da Libertadores e campe\u00e3o paulista, o S\u00e3o Caetano sofreu quatro derrotas em cinco jogos e foi eliminado precocemente da Copa Paulista"},"2518656":{"titulo":"PLACAR FI: Com Guarani em campo, confira os RESULTADOS desta SEGUNDA-FEIRA","link":"https:\/\/www.futebolinterior.com.br\/confira-o-placar-fi-desta-segunda-feira-27\/","chapeu":"COMPLET\u00c3O","data":"17\/08\/2026","imagem":"https:\/\/images.futebolinterior.com.br\/2026\/08\/Dudu-Guarani-300x266.webp","resumo":"Claro, o Placar ao Vivo do\u00a0Portal Futebol Interior\u00a0acompanhou todos os jogos e traz para voc\u00ea a lista com todos os resultados. Confira!"},"2518669":{"titulo":"Comercial x XV de Piracicaba - Onde assistir, escala\u00e7\u00f5es e arbitragem!","link":"https:\/\/www.futebolinterior.com.br\/comercial-x-xv-de-piracicaba\/","chapeu":"VALE VIDA","data":"17\/08\/2026","imagem":"https:\/\/images.futebolinterior.com.br\/2026\/07\/comercial-copa-paulista-300x194.webp","resumo":"O l\u00edder garante vaga direta nas quartas de final, enquanto segundo e terceiro disputam o play-in"},"2518658":{"titulo":"Rui Sacramento reconhece erros do EC S\u00e3o Bernardo","link":"https:\/\/www.futebolinterior.com.br\/rui-sacramento-erros-ec-sao-bernardo\/","chapeu":"DERROTA","data":"17\/08\/2026","imagem":"https:\/\/images.futebolinterior.com.br\/2026\/07\/RUI-SACRAMENTO-300x134.webp","resumo":"Mas destacou a rea\u00e7\u00e3o no segundo tempo e afirmou que o foco agora est\u00e1 na prepara\u00e7\u00e3o para o mata-mata"},"2518611":{"titulo":"S\u00e3o Caetano 0 x 1 Santo Andr\u00e9 - Ramalh\u00e3o domina cl\u00e1ssico e avan\u00e7a de fase","link":"https:\/\/www.futebolinterior.com.br\/sao-caetano-0-x-1-santo-andre-ramalhao-domina-classico-e-avanca-de-fase\/","chapeu":"VIT\u00d3RIA ","data":"17\/08\/2026","imagem":"https:\/\/images.futebolinterior.com.br\/2026\/08\/68f98433-0b4f-4b14-b5aa-fa6224f8dca3-300x157.webp","resumo":""},"2518630":{"titulo":"Munhoz destaca maturidade do Paulista e foca em decis\u00e3o","link":"https:\/\/www.futebolinterior.com.br\/munhoz-destaca-maturidade-paulista\/","chapeu":"GALO VIVO","data":"17\/08\/2026","imagem":"https:\/\/images.futebolinterior.com.br\/2026\/03\/IMG_0800-1-300x200.webp","resumo":"O treinador destacou que a equipe conseguiu controlar melhor a partida contra o Juventus e transformar a atua\u00e7\u00e3o em um resultado importante"}}