{"2486184":{"titulo":"Ap\u00f3s t\u00edtulo, Juventus inicia prepara\u00e7\u00e3o para a Copa Paulista","link":"https:\/\/www.futebolinterior.com.br\/juventus-preparacao-copa-paulista\/","chapeu":"P\u00d3S TA\u00c7A","data":"03\/06\/2026","imagem":"https:\/\/images.futebolinterior.com.br\/2026\/06\/nAtAa8fY-image-300x180.webp","resumo":"O foco do clube gren\u00e1 agora est\u00e1 na disputa da Copa Paulista, que pode render uma vaga na Copa do Brasil ou S\u00e9rie D do pr\u00f3ximo ano"}}