{"2520626":{"titulo":"Treinador do Paulista destaca prepara\u00e7\u00e3o para \"final\" contra o Primavera","link":"https:\/\/www.futebolinterior.com.br\/treinador-do-paulista-destaca-preparacao-para-final-contra-o-primavera\/","chapeu":"DECIS\u00c3O ","data":"20\/08\/2026","imagem":"https:\/\/images.futebolinterior.com.br\/2026\/08\/IMG_6108-300x168.webp","resumo":""},"2520610":{"titulo":"T\u00e9cnico destaca evolu\u00e7\u00e3o do Noroeste ap\u00f3s empate em Araras","link":"https:\/\/www.futebolinterior.com.br\/tecnico-destaca-evolucao-do-noroeste-apos-empate-em-araras\/","chapeu":"SATISFEITO","data":"20\/08\/2026","imagem":"https:\/\/images.futebolinterior.com.br\/2026\/08\/vaguinho-santos-300x155.webp","resumo":"Noroeste chega \u00e0 \u00faltima rodada da Copa Paulista Rivalo dependendo de uma vit\u00f3ria para tentar terminar entre os tr\u00eas classificados"},"2520494":{"titulo":"Santo Andr\u00e9 ser\u00e1 julgado nesta quinta e pode perder pontos na Copa Paulista","link":"https:\/\/www.futebolinterior.com.br\/santo-andre-sera-julgado-nesta-quinta-e-pode-perder-pontos-na-copa-paulista\/","chapeu":"\u00c9 HOJE!","data":"20\/08\/2026","imagem":"https:\/\/images.futebolinterior.com.br\/2026\/08\/Captura-de-tela-2026-08-20-085942-300x222.webp","resumo":"Se condenado, o clube poder\u00e1 perder pontos e receber multa, resultado que pode alterar a classifica\u00e7\u00e3o do Grupo 4"},"2520423":{"titulo":"PLACAR FI: Com Libertadores, confira os RESULTADOS desta QUARTA-FEIRA","link":"https:\/\/www.futebolinterior.com.br\/confira-o-placar-fi-desta-quarta-feira-30\/","chapeu":"COMPLET\u00c3O","data":"19\/08\/2026","imagem":"https:\/\/images.futebolinterior.com.br\/2026\/08\/RtGehM6l-image-300x200.webp","resumo":"Claro, o Placar ao Vivo do\u00a0Portal Futebol Interior\u00a0acompanhou todos os jogos e traz para voc\u00ea a lista com todos os resultados. Confira!"},"2520348":{"titulo":"Copa Paulista: Diretoria cobra mudan\u00e7a de postura do Comercial","link":"https:\/\/www.futebolinterior.com.br\/presidente-comercial-faz-reuniao-copa\/","chapeu":"EM CRISE","data":"19\/08\/2026","imagem":"https:\/\/images.futebolinterior.com.br\/2026\/08\/PFUKbvyg-image-300x206.webp","resumo":"Mesmo assim, o Le\u00e3o do Norte segue na lideran\u00e7a, com sete pontos, mesma pontua\u00e7\u00e3o do Uni\u00e3o S\u00e3o Jo\u00e3o. O Noroeste tem seis pontos, enquanto o XV de Piracicaba soma cinco"},"2520319":{"titulo":"Uni\u00e3o S\u00e3o Jo\u00e3o 1 x 1 Noroeste - Tudo aberto no Grupo 2 da Copa Paulista","link":"https:\/\/www.futebolinterior.com.br\/uniao-sao-joao-empata-noroeste-copa-pau\/","chapeu":"TUDO IGUAL","data":"19\/08\/2026","imagem":"https:\/\/images.futebolinterior.com.br\/2026\/08\/u4mhzeeq-image-300x240.webp","resumo":"O resultado refletiu a produ\u00e7\u00e3o de Uni\u00e3o S\u00e3o Jo\u00e3o e Noroeste. No primeiro tempo, o time de Araras dominou a partida e abriu o placar aos 18 minutos, com Bruninho"},"2520185":{"titulo":"S\u00e3o Jos\u00e9 tem problemas antes do \u00faltimo jogo da primeira fase","link":"https:\/\/www.futebolinterior.com.br\/sao-jose-tem-problemas-ultimo-jogo\/","chapeu":"DM","data":"19\/08\/2026","imagem":"https:\/\/images.futebolinterior.com.br\/2026\/08\/image-300x214.webp","resumo":"A \u00c1guia do Vale lidera o Grupo 4 com 12 pontos e precisa apenas de um empate diante do S\u00e3o Caetano para confirmar a primeira coloca\u00e7\u00e3o"},"2520150":{"titulo":"Luis Gonz\u00e1lez celebra bom jogo\u00a0e homenageia a Col\u00f4mbia","link":"https:\/\/www.futebolinterior.com.br\/luis-gonzalez-homenageia-colombia\/","chapeu":"CARINHO","data":"19\/08\/2026","imagem":"https:\/\/images.futebolinterior.com.br\/2026\/08\/image-300x285.webp","resumo":"O gesto marcou a primeira partida do atleta pelo clube e tamb\u00e9m serviu para Gonz\u00e1lez demonstrar carinho e solidariedade ao povo colombiano"},"2520112":{"titulo":"Faganello cobra \u201calgo a mais\u201d do Osasco na \"final\"","link":"https:\/\/www.futebolinterior.com.br\/faganello-cobra-algo-mais-osasco-final\/","chapeu":"DECIS\u00c3O","data":"19\/08\/2026","imagem":"https:\/\/images.futebolinterior.com.br\/2026\/08\/image-300x174.webp","resumo":"Ap\u00f3s o rev\u00e9s por 2 a 1 diante do Primavera, no Est\u00e1dio Jos\u00e9 Liberatti, o treinador fez um diagn\u00f3stico sincero da partida anterior"},"2520104":{"titulo":"Com retorno e nova baixa Ricardo Costa projeta decis\u00e3o","link":"https:\/\/www.futebolinterior.com.br\/ricardo-costa-projeta-decisao\/","chapeu":"VAI MEXER","data":"19\/08\/2026","imagem":"https:\/\/images.futebolinterior.com.br\/2026\/07\/BcsXANB0-image-300x154.webp","resumo":"Empatado com o rival em quatro pontos, o Tigre joga com a vantagem do empate, gra\u00e7as ao saldo de gols, para avan\u00e7ar de fase"}}