{"2300866":{"titulo":"Comercial e S\u00e3o Jos\u00e9 lideram in\u00edcio da Copa Paulista; Guarani e Paulista t\u00eam os melhores ataques","link":"https:\/\/www.futebolinterior.com.br\/comercial-e-sao-jose-lideram-inicio-da-copa-paulista-guarani-e-paulista-tem-os-melhores-ataques\/","chapeu":"SE LIGA!","data":"27\/06\/2025","imagem":"https:\/\/images.futebolinterior.com.br\/2025\/06\/Captura-de-Tela-2025-06-27-as-14.21.27-300x183.webp","resumo":"A terceira rodada come\u00e7ou na quarta-feira com o empate sem gols entre Linense e Monte Azul. "},"2300541":{"titulo":"Primavera mira t\u00edtulo da Copa Paulista atr\u00e1s de calend\u00e1rio","link":"https:\/\/www.futebolinterior.com.br\/primavera-mira-titulo-da-copa-paulista-atras-de-calendario\/","chapeu":"NA MIRA","data":"27\/06\/2025","imagem":"https:\/\/images.futebolinterior.com.br\/2025\/06\/Camisa-gramado-Primavera-300x190.webp","resumo":"Al\u00e9m da Copa Paulista, a miss\u00e3o primordial no Paulist\u00e3o ser\u00e1 manter o time entre os melhores do Estado, consolidando sua capacidade t\u00e9cnica. "},"2300685":{"titulo":"Primavera vai dar 'nova cara' ao Gigante da Vila","link":"https:\/\/www.futebolinterior.com.br\/primavera-vai-dar-nova-cara-ao-gigante-da-vila\/","chapeu":"NOVA CARA","data":"27\/06\/2025","imagem":"https:\/\/images.futebolinterior.com.br\/2025\/06\/Primavera-Gigante-geral-300x171.webp","resumo":"Primavera precisa adequar as instala\u00e7\u00f5es do \u2018Gigante da Vila\u2019 com o objetivo de atender as exig\u00eancias da Federa\u00e7\u00e3o Paulista de Futebol (FPF)"},"2300386":{"titulo":"Uni\u00e3o S\u00e3o Jo\u00e3o anuncia lateral-direito para a Copa Paulista","link":"https:\/\/www.futebolinterior.com.br\/uniao-sao-joao-anuncia-lateral-direito-para-a-copa-paulista\/","chapeu":"CHEGOU","data":"26\/06\/2025","imagem":"https:\/\/images.futebolinterior.com.br\/2025\/06\/Screenshot_17-300x208.webp","resumo":"O Uni\u00e3o S\u00e3o Jo\u00e3o anunciou nesta quinta-feira sua nova contrata\u00e7\u00e3o para a disputa da Copa Paulista"},"2300053":{"titulo":"Ara\u00e7atuba x Noroeste - Duelo pela 3\u00aa rodada vale a lideran\u00e7a do Grupo 1","link":"https:\/\/www.futebolinterior.com.br\/aracatuba-x-noroeste-duelo-pela-3a-rodada-vale-a-lideranca-do-grupo-1\/","chapeu":"COPA PAULISTA","data":"26\/06\/2025","imagem":"https:\/\/images.futebolinterior.com.br\/2025\/06\/Imagem-do-WhatsApp-de-2025-06-26-as-11.54.25_f12947b2-300x243.webp","resumo":"Para assumir a lideran\u00e7a do Grupo 1 da Copa Paulista, Noroeste precisa vencer por um placar de tr\u00eas gols de diferen\u00e7a ou mais"},"2300214":{"titulo":"Est\u00e1dio de Sorocaba ser\u00e1 utilizado para grava\u00e7\u00e3o de v\u00eddeo","link":"https:\/\/www.futebolinterior.com.br\/estadio-sorocaba-recebe-gravacao-video\/","chapeu":"LUZ, C\u00c2MERA, A\u00c7\u00c3O!","data":"26\/06\/2025","imagem":"https:\/\/images.futebolinterior.com.br\/2025\/06\/3geR81m7-image-300x168.webp","resumo":"Vale lembrar que, al\u00e9m do S\u00e3o Bento na Copa Paulista, diversas categorias de base e equipes locais utilizam o CIC"},"2300186":{"titulo":"Inter de Limeira perde zagueiro para o restante da S\u00e9rie D","link":"https:\/\/www.futebolinterior.com.br\/inter-de-limeira-perde-zagueiro-serie-d\/","chapeu":"MACHUCOU","data":"26\/06\/2025","imagem":"https:\/\/images.futebolinterior.com.br\/2025\/06\/GDbYIlvn-image-300x181.webp","resumo":"O zagueiro come\u00e7ou a S\u00e9rie D como titular. Por\u00e9m, com a suspens\u00e3o de Leocovick diante do Cianorte, no Paran\u00e1, o canhoto foi improvisado como lateral-esquerdo e deu conta do recado"},"2299979":{"titulo":"Artilheiro da Copa Paulista, atacante do Galo do Japi marcou os primeiros gols no ano","link":"https:\/\/www.futebolinterior.com.br\/artilheiro-da-copa-paulista-atacante-do-galo-do-japi-marcou-os-primeiros-gols-no-ano\/","chapeu":"BOLA NA REDE","data":"26\/06\/2025","imagem":"https:\/\/images.futebolinterior.com.br\/2025\/06\/Imagem-do-WhatsApp-de-2025-06-26-as-09.56.27_98e32635-300x225.webp","resumo":"Atacante anotou seus tr\u00eas primeiros gols no ano; no vice-campeonato do Paulist\u00e3o A4, atuou em 19 jogos e n\u00e3o fez nenhum gol"},"2299498":{"titulo":"PLACAR FI: FLUMINENSE disputou vaga. Confira RESULTADOS desta QUARTA-FEIRA","link":"https:\/\/www.futebolinterior.com.br\/placar-fi-25-06\/","chapeu":"PLACAR FI","data":"25\/06\/2025","imagem":"https:\/\/images.futebolinterior.com.br\/2025\/06\/Flu-300x158.webp","resumo":"O Portal Futebol Interior traz o PLACAR FI com todos os resultados desta quarta-feira (25)"},"2299831":{"titulo":"COPA PAULISTA: Empates marcam abertura da 3\u00aa rodada e fim da 2\u00aa rodada","link":"https:\/\/www.futebolinterior.com.br\/copa-paulista-empates-marcam-abertura-da-3a-rodada-e-fim-da-2a-rodada\/","chapeu":"TUDO IGUAL","data":"25\/06\/2025","imagem":"https:\/\/images.futebolinterior.com.br\/2025\/06\/54612865977_6e719fdea0_o-300x200.webp","resumo":"O PLACAR FI acompanha todos os jogos da Copa Paulista"}}