{"2301136":{"titulo":"Rio Branco x S\u00e3o Bento - Hora da recupera\u00e7\u00e3o na Copa Paulista","link":"https:\/\/www.futebolinterior.com.br\/rio-branco-sao-bento-pela-copa-paulista\/","chapeu":"VAI PEGAR FOGO","data":"27\/06\/2025","imagem":"https:\/\/images.futebolinterior.com.br\/2025\/06\/NkM784Td-image-300x203.webp","resumo":"O Tigre de Americana soma um ponto em dois jogos, com um empate e uma derrota. Marcou um gol, sofreu tr\u00eas e ocupa a sexta posi\u00e7\u00e3o na chave"},"2301375":{"titulo":"Copa Paulista: Treinador do Rio Branco prev\u00ea partida dif\u00edcil contra Bent\u00e3o","link":"https:\/\/www.futebolinterior.com.br\/tecnico-rio-branco-fala-copa-paulista\/","chapeu":"FOCO TOTAL","data":"27\/06\/2025","imagem":"https:\/\/images.futebolinterior.com.br\/2025\/06\/4P9XR2LB-image-300x265.webp","resumo":"O Rio Branco ocupa a sexta coloca\u00e7\u00e3o do Grupo 3, com um ponto \u2014 mesma pontua\u00e7\u00e3o do S\u00e3o Bento. A chave \u00e9 liderada por XV de Piracicaba e Primavera, com quatro pontos cada"},"2301255":{"titulo":"COPA PAULISTA: S\u00e1bado recheado com seis partidas pela 3\u00aa rodada","link":"https:\/\/www.futebolinterior.com.br\/copa-paulista-sabado-recheado-com-seis-partidas-pela-3a-rodada\/","chapeu":"PROGRAMA\u00c7\u00c3O","data":"27\/06\/2025","imagem":"https:\/\/images.futebolinterior.com.br\/2025\/06\/fb4227b9-4814-4951-af24-dda2b8bc4b16-300x197.webp","resumo":"Nesta 1\u00aa fase, os clubes jogam entre si dentro dos grupos e os quatro primeiros colocados de cada, se classificam para as oitavas de final"},"2300765":{"titulo":"Santo Andr\u00e9 x S\u00e3o Jos\u00e9 - Ramalh\u00e3o busca primeira vit\u00f3ria contra o l\u00edder","link":"https:\/\/www.futebolinterior.com.br\/santo-andre-x-sao-jose-ramalhao-busca-primeira-vitoria-contra-o-lider\/","chapeu":"COPA PAULISTA","data":"27\/06\/2025","imagem":"https:\/\/images.futebolinterior.com.br\/2025\/06\/Imagem-do-WhatsApp-de-2025-06-27-as-10.58.23_6af858ac-300x283.webp","resumo":"Depois de duas rodadas da Copa Paulista, somente duas equipes est\u00e3o com 100% de aproveitamento e o S\u00e3o Jos\u00e9 \u00e9 uma delas"},"2300844":{"titulo":"S\u00e3o Caetano x Portuguesa Santista - Azul\u00e3o com t\u00e9cnico interino contra a Briosa","link":"https:\/\/www.futebolinterior.com.br\/sao-caetano-x-portuguesa-santista-azulao-com-tecnico-interino-contra-a-briosa\/","chapeu":"COPA PAULISTA","data":"27\/06\/2025","imagem":"https:\/\/images.futebolinterior.com.br\/2025\/06\/KSLLMXmL-2GTFotos-Sao-Caetano-300x180.webp","resumo":"Portuguesa Santista est\u00e1 invicta na vice-lideran\u00e7a e n\u00e3o perde um jogo oficial fora de casa, desde o dia 2 de fevereiro"},"2301179":{"titulo":"Copa Paulista: Fernando Marchiori ajusta Primavera para enfrentar o Paulista","link":"https:\/\/www.futebolinterior.com.br\/fernando-marchiori-primavera-copa-pauli\/","chapeu":"DESTAQUE","data":"27\/06\/2025","imagem":"https:\/\/images.futebolinterior.com.br\/2025\/06\/T2aSA3In-image-300x242.webp","resumo":"E sob o comando de Fernando Marchiori, o elenco fez os \u00faltimos ajustes antes do desafio entre as equipes que est\u00e3o pr\u00f3ximas na classifica\u00e7\u00e3o"},"2301050":{"titulo":"Francana x Itapirense - Onde assistir, hor\u00e1rio e escala\u00e7\u00f5es!","link":"https:\/\/www.futebolinterior.com.br\/francana-x-itapirense-onde-assistir-horario-e-escalacoes\/","chapeu":"CONFRONTO","data":"27\/06\/2025","imagem":"https:\/\/images.futebolinterior.com.br\/2025\/06\/IMG_1479-300x225.webp","resumo":""},"2300963":{"titulo":"Rio Branco x S\u00e3o Bento - onde assistir, hor\u00e1rio e escala\u00e7\u00f5es!","link":"https:\/\/www.futebolinterior.com.br\/rio-branco-x-sao-bento-onde-assistir-horario-e-escalacoes\/","chapeu":"DUELO","data":"27\/06\/2025","imagem":"https:\/\/images.futebolinterior.com.br\/2025\/06\/IMG_1478-300x213.webp","resumo":""},"2300881":{"titulo":"Uni\u00e3o S\u00e3o Jo\u00e3o x Inter de Limeira - onde assistir, hor\u00e1rio e escala\u00e7\u00f5es!","link":"https:\/\/www.futebolinterior.com.br\/uniao-sao-joao-x-inter-de-limeira-onde-assistir-horario-e-escalacoes\/","chapeu":"JOG\u00c3O","data":"27\/06\/2025","imagem":"https:\/\/images.futebolinterior.com.br\/2025\/06\/IMG_1476-300x197.webp","resumo":""},"2300865":{"titulo":"Definido: Come-Fogo ter\u00e1 torcida \u00fanica na Copa Paulista","link":"https:\/\/www.futebolinterior.com.br\/come-fogo-torcida-unica-nacopa-paulista\/","chapeu":"CL\u00c1SSICO!","data":"27\/06\/2025","imagem":"https:\/\/images.futebolinterior.com.br\/2025\/06\/Captura-de-tela-2025-06-27-142410-300x235.webp","resumo":"O cl\u00e1ssico Come-Fogo na Copa Paulista ser\u00e1 realizado com torcida \u00fanica. "}}