{"2325850":{"titulo":"Copa Paulista: Portuguesa Santista busca classifica\u00e7\u00e3o contra o Taubat\u00e9","link":"https:\/\/www.futebolinterior.com.br\/tecnico-portuguesa-santista-copa-paulis\/","chapeu":"PREPARA\u00c7\u00c3O","data":"05\/08\/2025","imagem":"https:\/\/images.futebolinterior.com.br\/2025\/08\/image-300x201.webp","resumo":"A Briosa ocupa a segunda coloca\u00e7\u00e3o do Grupo 4, com 11 pontos e duas vit\u00f3rias, em uma chave que j\u00e1 tem o S\u00e3o Jos\u00e9 classificado, com 19 pontos"},"2325530":{"titulo":"PLACAR FI: Com Brasileir\u00e3o, confira os RESULTADOS desta SEGUNDA-FEIRA","link":"https:\/\/www.futebolinterior.com.br\/confira-o-placar-fi-desta-segunda-feira-5\/","chapeu":"SEGUNDOU!","data":"04\/08\/2025","imagem":"https:\/\/images.futebolinterior.com.br\/2025\/08\/Screenshot_106-300x230.webp","resumo":"Claro, o\u00a0Placar ao Vivo do Portal Futebol Interior\u00a0acompanhou todos os jogos e traz para voc\u00ea a lista com todos os resultados.\u00a0Confira!"},"2325649":{"titulo":"S\u00e3o Bento 2 x 2 Rio Branco - 2\u00aa tempo fren\u00e9tico pela Copa Paulista","link":"https:\/\/www.futebolinterior.com.br\/sao-bento-2-x-2-rio-branco\/","chapeu":"JOG\u00c3O","data":"04\/08\/2025","imagem":"https:\/\/images.futebolinterior.com.br\/2025\/08\/SaveClip.App_527982543_18301130356219673_8050681429566785112_n-300x200.webp","resumo":"S\u00e3o Bento e Rio Branco fizeram um movimentado duelo na noite desta segunda-feira"},"2325452":{"titulo":"Fernando Marchiori exalta o Primavera ap\u00f3s vit\u00f3ria na Copa Paulista","link":"https:\/\/www.futebolinterior.com.br\/tecnico-primavera-fala-copa-paulista-3\/","chapeu":"APROVOU","data":"04\/08\/2025","imagem":"https:\/\/images.futebolinterior.com.br\/2025\/08\/cRg5xMPJ-image-300x246.webp","resumo":"O t\u00e9cnico Fernando Marchiori elogiou a atua\u00e7\u00e3o da equipe e destacou a agressividade do Primavera durante os 90 minutos"},"2325323":{"titulo":"Fausto Dias completa 50 jogos no Paulista com derrota","link":"https:\/\/www.futebolinterior.com.br\/fausto-dias-completa-50-jogos-no-paulista-com-derrota\/","chapeu":"MARCA","data":"04\/08\/2025","imagem":"https:\/\/images.futebolinterior.com.br\/2025\/08\/IMG_2511-300x200.webp","resumo":""},"2325309":{"titulo":"Vaguinho v\u00ea Copa Paulista como \u201cvestibular\u201d no Ara\u00e7atuba","link":"https:\/\/www.futebolinterior.com.br\/vaguinho-ve-copa-paulista-como-vestibular-no-aracatuba\/","chapeu":"APRENDIZADO","data":"04\/08\/2025","imagem":"https:\/\/images.futebolinterior.com.br\/2025\/08\/IMG_2510-300x188.webp","resumo":""},"2325296":{"titulo":"Tuca Guimar\u00e3es fala em recome\u00e7o no Rio Branco","link":"https:\/\/www.futebolinterior.com.br\/tuca-guimaraes-fala-em-recomeco-no-rio-branco\/","chapeu":"COLETIVA","data":"04\/08\/2025","imagem":"https:\/\/images.futebolinterior.com.br\/2025\/08\/IMG_2509-300x148.webp","resumo":""},"2325257":{"titulo":"Pereira desaprova desempenho do Noroeste em empate","link":"https:\/\/www.futebolinterior.com.br\/pereira-desaprova-desempenho-do-noroeste-em-empate\/","chapeu":"DECEP\u00c7\u00c3O ","data":"04\/08\/2025","imagem":"https:\/\/images.futebolinterior.com.br\/2025\/08\/IMG_2505-300x169.webp","resumo":""},"2325244":{"titulo":"Fernando Marchiori completa 15 meses no Primavera e quebra recordes na Copa Paulista","link":"https:\/\/www.futebolinterior.com.br\/fernando-marchiori-historia-primavera-2\/","chapeu":"NINGU\u00c9M SEGURA","data":"04\/08\/2025","imagem":"https:\/\/images.futebolinterior.com.br\/2025\/08\/image-300x239.webp","resumo":"Com 18 pontos conquistados, o Primavera tem a segunda melhor campanha geral da competi\u00e7\u00e3o, ficando atr\u00e1s apenas do S\u00e3o Jos\u00e9, que lidera com 19 pontos"},"2325235":{"titulo":"Copa Paulista: Tuca Guimar\u00e3es projeta \"final\" para o Rio Branco contra o S\u00e3o Bento","link":"https:\/\/www.futebolinterior.com.br\/tuca-guimaraes-fala-rio-branco-copa\/","chapeu":"PRECISA VENCER","data":"04\/08\/2025","imagem":"https:\/\/images.futebolinterior.com.br\/2025\/08\/image-287x300.webp","resumo":"Ele encara a partida como a primeira de tr\u00eas finais para o Tigre de Americana. Em entrevista coletiva antes do jogo, Tuca demonstrou confian\u00e7a"}}