{"2326101":{"titulo":"S\u00e3o Jos\u00e9 mira a melhor campanha da Copa Paulista","link":"https:\/\/www.futebolinterior.com.br\/tecnico-sao-jose-fala-copa-paulista-2\/","chapeu":"FOCO TOTAL","data":"05\/08\/2025","imagem":"https:\/\/images.futebolinterior.com.br\/2025\/08\/moJS1THq-image-300x190.webp","resumo":"Ap\u00f3s a vit\u00f3ria por 3 a 1 sobre o Santo Andr\u00e9, na oitava rodada, o time ainda tem dois jogos pela frente: enfrenta o Oeste, no dia 11, em Osasco, e depois a Portuguesa Santista, no dia 16"},"2326080":{"titulo":"Copa Paulista: Treinador do Rio Branco ainda acredita na classifica\u00e7\u00e3o e foca no Paulista","link":"https:\/\/www.futebolinterior.com.br\/tecnico-rio-branco-fala-copa-paulista-6\/","chapeu":"DECIS\u00c3O","data":"05\/08\/2025","imagem":"https:\/\/images.futebolinterior.com.br\/2025\/08\/K2GW8sGL-image-300x223.webp","resumo":"O t\u00e9cnico do Tigre, Rafael Delle Vedove, comentou em entrevista coletiva sobre o foco da equipe e a expectativa para o confronto"},"2326056":{"titulo":"S\u00e3o Bento mira \"decis\u00e3o\" com o Guarani pela Copa Paulista","link":"https:\/\/www.futebolinterior.com.br\/tecnico-sao-bento-avalia-copa-paulista-6\/","chapeu":"PRECISA VENCER ","data":"05\/08\/2025","imagem":"https:\/\/images.futebolinterior.com.br\/2025\/08\/image-300x197.webp","resumo":"Diante do clima de \"final antecipada\", o t\u00e9cnico do S\u00e3o Bento, Fabiano Carneiro, comentou sobre o duelo na coletiva ap\u00f3s o jogo contra o Rio Branco"},"2325756":{"titulo":"Botafogo x Comercial - Cl\u00e1ssico dos apostos pela 8\u00aa rodada do Grupo 2","link":"https:\/\/www.futebolinterior.com.br\/botafogo-x-comercial-classico-dos-apostos-pela-8a-rodada-do-grupo-2\/","chapeu":"COPA PAULISTA","data":"05\/08\/2025","imagem":"https:\/\/images.futebolinterior.com.br\/2025\/08\/Imagem-do-WhatsApp-de-2025-08-05-as-11.13.51_8ee99491-300x250.webp","resumo":"Na vice-lideran\u00e7a com 13 pontos, o Comercial tem o vice-artilheiro da Copa Paulista: o centroavante Felipe Rodrigues marcou quatro gols"},"2325734":{"titulo":"Inter de Limeira x Uni\u00e3o S\u00e3o Jo\u00e3o - Com time B, Le\u00e3o pode garantir a vaga","link":"https:\/\/www.futebolinterior.com.br\/inter-de-limeira-x-uniao-sao-joao-com-time-b-leao-pode-garantir-a-vaga\/","chapeu":"COPA PAULISTA","data":"05\/08\/2025","imagem":"https:\/\/images.futebolinterior.com.br\/2025\/08\/Imagem-do-WhatsApp-de-2025-08-05-as-10.22.00_7705e4db-300x248.webp","resumo":"Uni\u00e3o S\u00e3o Jo\u00e3o tem apenas uma derrota em sete partidas e o \u00fanico rev\u00e9s foi na estreia; s\u00e3o quatro vit\u00f3rias e dois empates nos \u00faltimos 6 jogos"},"2325941":{"titulo":"Alex Alves j\u00e1 projeta refor\u00e7os da Portuguesa Santista para o mata-mata","link":"https:\/\/www.futebolinterior.com.br\/alex-alves-ja-projeta-reforcos-da-portuguesa-santista-para-o-mata-mata\/","chapeu":"MERCADO","data":"05\/08\/2025","imagem":"https:\/\/images.futebolinterior.com.br\/2025\/08\/IMG_2570-300x225.webp","resumo":""},"2325928":{"titulo":"Classificado, Gr\u00eamio Prudente mant\u00e9m foco alto e clima leve no elenco","link":"https:\/\/www.futebolinterior.com.br\/classificado-gremio-prudente-mantem-foco-alto-e-clima-leve-no-elenco\/","chapeu":"TREINO","data":"05\/08\/2025","imagem":"https:\/\/images.futebolinterior.com.br\/2025\/08\/IMG_2569-300x147.webp","resumo":""},"2325923":{"titulo":"Marelli valoriza solidez e nega time poupado no S\u00e3o Jos\u00e9","link":"https:\/\/www.futebolinterior.com.br\/marelli-valoriza-solidez-e-nega-time-poupado-no-sao-jose\/","chapeu":"FOCO","data":"05\/08\/2025","imagem":"https:\/\/images.futebolinterior.com.br\/2025\/08\/IMG_2568-300x208.webp","resumo":""},"2325919":{"titulo":"Fausto Dias elogia o Primavera ap\u00f3s derrota pela Copa Paulista","link":"https:\/\/www.futebolinterior.com.br\/fausto-dias-elogia-o-primavera-apos-derrota-pela-copa-paulista\/","chapeu":"ADVERS\u00c1RIO ","data":"05\/08\/2025","imagem":"https:\/\/images.futebolinterior.com.br\/2025\/08\/IMG_2567-300x167.webp","resumo":""},"2325907":{"titulo":"Victor Albanez lamenta empate e cobra aten\u00e7\u00e3o do Rio Branco","link":"https:\/\/www.futebolinterior.com.br\/victor-albanez-lamenta-empate-e-cobra-atencao-do-rio-branco\/","chapeu":"CHATEADO","data":"05\/08\/2025","imagem":"https:\/\/images.futebolinterior.com.br\/2025\/08\/IMG_2566-300x167.webp","resumo":""}}