{"2330883":{"titulo":"Paulista garante vaga e zagueiro Jo\u00e3o Victor projeta mata-mata","link":"https:\/\/www.futebolinterior.com.br\/paulista-vence-rio-branco-sp-mata-mata-copa-paulista-joao-victor\/","chapeu":"CLASSIFICOU","data":"13\/08\/2025","imagem":"https:\/\/images.futebolinterior.com.br\/2025\/08\/Screenshot_456-300x154.webp","resumo":"Paulista supera Rio Branco-SP por 2 a 1 e garante vaga antecipada nas oitavas da Copa Paulista."},"2330854":{"titulo":"Roberval Davino faz 71 anos e leva o Comercial \u00e0s oitavas da Copa Paulista","link":"https:\/\/www.futebolinterior.com.br\/roberval-davino-completa-71-anos-comercial-copa-paulista-oitavas\/","chapeu":"FESTA NO LE\u00c3O","data":"13\/08\/2025","imagem":"https:\/\/images.futebolinterior.com.br\/2025\/08\/Screenshot_452-300x193.webp","resumo":"T\u00e9cnico mais velho em atividade, Roberval Davino celebra 71 anos com campanha hist\u00f3rica no Comercial pela Copa Paulista."},"2330841":{"titulo":"Primavera inicia reforma do gramado do \u00cdtalo M\u00e1rio Limongi","link":"https:\/\/www.futebolinterior.com.br\/primavera-inicia-reforma-do-gramado-do-italo-mario-limongi\/","chapeu":"MELHORIA","data":"13\/08\/2025","imagem":"https:\/\/images.futebolinterior.com.br\/2025\/08\/IMG_2734-300x200.webp","resumo":""},"2330837":{"titulo":"Cordeiro elogia Ryuta e explica aus\u00eancia entre titulares na Copa Paulista","link":"https:\/\/www.futebolinterior.com.br\/cordeiro-elogia-ryuta-e-explica-ausencia-entre-titulares-na-copa-paulista\/","chapeu":"XOD\u00d3 ","data":"13\/08\/2025","imagem":"https:\/\/images.futebolinterior.com.br\/2025\/08\/IMG_2733-300x200.webp","resumo":""},"2330833":{"titulo":"Marcelo Cordeiro aponta mudan\u00e7a de executivo como fator na campanha do Guarani","link":"https:\/\/www.futebolinterior.com.br\/marcelo-cordeiro-aponta-mudanca-de-executivo-como-fator-na-campanha-do-guarani\/","chapeu":"DESVIO","data":"13\/08\/2025","imagem":"https:\/\/images.futebolinterior.com.br\/2025\/08\/IMG_2732-300x200.webp","resumo":""},"2330807":{"titulo":"Copa Paulista: Paulista volta a disputar uma fase eliminat\u00f3ria ap\u00f3s 14 anos","link":"https:\/\/www.futebolinterior.com.br\/paulista-passa-de-fase-na-copa-paulista\/","chapeu":"VOLTANDO","data":"13\/08\/2025","imagem":"https:\/\/images.futebolinterior.com.br\/2025\/08\/DjwU50OT-image-300x257.webp","resumo":"Em toda a sua hist\u00f3ria no mata-mata da Copa Paulista, o Paulista foi eliminado apenas uma vez em 12 confrontos eliminat\u00f3rios "},"2330791":{"titulo":"CEO eleito assume a presid\u00eancia do Taubat\u00e9 para o pr\u00f3ximo tri\u00eanio","link":"https:\/\/www.futebolinterior.com.br\/taubate-elege-novo-presidente-3-anos\/","chapeu":"MUDAN\u00c7AS","data":"13\/08\/2025","imagem":"https:\/\/images.futebolinterior.com.br\/2025\/08\/ltjwvueI-image-300x163.webp","resumo":"O presidente do Conselho Deliberativo do clube, Ricardo Vianna, comentou sobre o novo comando, cujo mandato vai de 1\u00ba de setembro de 2025 a 31 de agosto de 2028"},"2330761":{"titulo":"Copa Paulista: Treinador da Portuguesa Santista exalta empenho da equipe contra o Taubat\u00e9","link":"https:\/\/www.futebolinterior.com.br\/tecnico-portuguesa-santista-copa-paulis-2\/","chapeu":"APROVOU","data":"13\/08\/2025","imagem":"https:\/\/images.futebolinterior.com.br\/2025\/08\/2uFSyjpe-image-300x135.webp","resumo":"O t\u00e9cnico da Briosa, Alex Alves, elogiou a dedica\u00e7\u00e3o do time na vit\u00f3ria por 2 a 1 contra o Taubat\u00e9, no fim de semana"},"2330706":{"titulo":"T\u00e9cnico do XV de Piracicaba destaca necessidade de construir uma identidade","link":"https:\/\/www.futebolinterior.com.br\/tecnico-xv-de-piracicaba-copa-paulista-3\/","chapeu":"BOM MOMENTO","data":"13\/08\/2025","imagem":"https:\/\/images.futebolinterior.com.br\/2025\/08\/image-300x229.webp","resumo":"Com o triunfo, o Nho Quim assumiu a lideran\u00e7a do Grupo 3 e j\u00e1 volta suas aten\u00e7\u00f5es para o duelo que encerra a fase inicial, no pr\u00f3ximo s\u00e1bado (16), \u00e0s 15h, contra o Paulista"},"2330683":{"titulo":"Est\u00e1dio do Primavera receber\u00e1 gramado com padr\u00e3o de Copa do Mundo","link":"https:\/\/www.futebolinterior.com.br\/primavera-tera-gramado-copa-do-mundo\/","chapeu":"REFORMAS ","data":"13\/08\/2025","imagem":"https:\/\/images.futebolinterior.com.br\/2025\/08\/image-300x129.webp","resumo":"O novo campo seguir\u00e1 as dimens\u00f5es oficiais exigidas pela Federa\u00e7\u00e3o Paulista de Futebol (FPF), CBF e FIFA. Al\u00e9m disso, todo o sistema de drenagem e irriga\u00e7\u00e3o ser\u00e1 refeito"}}