{"2332036":{"titulo":"Uni\u00e3o S\u00e3o Jo\u00e3o x Comercial \u2013 Onde assistir, hor\u00e1rio e escala\u00e7\u00f5es!","link":"https:\/\/www.futebolinterior.com.br\/uniao-sao-joao-x-comercial-onde-assistir-horario-e-escalacoes\/","chapeu":"JOGA\u00c7O","data":"15\/08\/2025","imagem":"https:\/\/images.futebolinterior.com.br\/2025\/08\/IMG_2835-300x168.webp","resumo":""},"2332017":{"titulo":"Botafogo-SP x Francana \u2013 Onde assistir, hor\u00e1rio e escala\u00e7\u00f5es!","link":"https:\/\/www.futebolinterior.com.br\/botafogo-sp-x-francana-onde-assistir-horario-e-escalacoes\/","chapeu":"DUELO","data":"15\/08\/2025","imagem":"https:\/\/images.futebolinterior.com.br\/2025\/08\/IMG_2833-300x157.webp","resumo":""},"2332004":{"titulo":"Noroeste x Monte Azul \u2013 Onde assistir, hor\u00e1rio e escala\u00e7\u00f5es!","link":"https:\/\/www.futebolinterior.com.br\/noroeste-x-monte-azul-onde-assistir-horario-e-escalacoes\/","chapeu":"DECIS\u00c3O ","data":"15\/08\/2025","imagem":"https:\/\/images.futebolinterior.com.br\/2025\/08\/IMG_2831-300x129.webp","resumo":""},"2331970":{"titulo":"XV de Piracicaba x Paulista - Nh\u00f4 Quim tenta confirmar melhor campanha","link":"https:\/\/www.futebolinterior.com.br\/xv-de-piracicaba-x-paulista-nho-quim-tenta-confirmar-melhor-campanha\/","chapeu":"BOA!","data":"15\/08\/2025","imagem":"https:\/\/images.futebolinterior.com.br\/2025\/08\/Captura-de-Tela-2025-08-15-as-14.04.21-300x217.webp","resumo":"No primeiro encontro entre as equipes, em Jundia\u00ed, o XV levou a melhor por 1 a 0"},"2331944":{"titulo":"Com tr\u00eas acessos como gerente, Pinho \u00e9 um dos destaques da campanha do Comercial-SP","link":"https:\/\/www.futebolinterior.com.br\/pinho-faz-bom-trabalho-no-comercial\/","chapeu":"BOM TRABALHO ","data":"15\/08\/2025","imagem":"https:\/\/images.futebolinterior.com.br\/2025\/08\/image-300x218.webp","resumo":"Com uma campanha s\u00f3lida, o Comercial pode garantir a lideran\u00e7a do grupo com um simples empate diante do Uni\u00e3o S\u00e3o Jo\u00e3o neste s\u00e1bado (16), na cidade de Araras"},"2331917":{"titulo":"Inter de Limeira disputa jogos pela S\u00e9rie D e Copa Paulista no mesmo dia","link":"https:\/\/www.futebolinterior.com.br\/inter-de-limeira-jogos-final-de-semana\/","chapeu":"DECIS\u00c3O","data":"15\/08\/2025","imagem":"https:\/\/images.futebolinterior.com.br\/2025\/08\/NHJVhL0P-image-300x190.webp","resumo":"Ao mesmo tempo, a equipe que representa a Inter na Copa Paulista tamb\u00e9m vive clima de decis\u00e3o. O time entra em campo pela d\u00e9cima e \u00faltima rodada da primeira fase"},"2331401":{"titulo":"Monte Azul aposta no atacante de 'beirada' Ruan Carlos","link":"https:\/\/www.futebolinterior.com.br\/monte-azul-aposta-no-atacante-de-beirada-ruan-carlos\/","chapeu":"REFOR\u00c7O","data":"14\/08\/2025","imagem":"https:\/\/images.futebolinterior.com.br\/2025\/08\/Monte-Azul-Ruan-Carlos-agosto-2025-300x224.webp","resumo":"Atacante de beirada, chuta com os dois p\u00e9s e tamb\u00e9m se destaca pela velocidade. \u00c9 um t\u00edpico atacante de beirada, que chega ao clube confiante."},"2331353":{"titulo":"Primavera visita Toca da Raposa e projeta est\u00e1dio moderno para 2026","link":"https:\/\/www.futebolinterior.com.br\/primavera-visita-toca-da-raposa-e-projeta-estadio-moderno-para-2026\/","chapeu":"ESTUDO","data":"14\/08\/2025","imagem":"https:\/\/images.futebolinterior.com.br\/2025\/08\/IMG_2816-300x141.webp","resumo":""},"2331350":{"titulo":"S\u00e3o Jos\u00e9 celebra 92 anos com tour no Martins Pereira","link":"https:\/\/www.futebolinterior.com.br\/sao-jose-celebra-92-anos-com-tour-no-martins-pereira\/","chapeu":"A\u00c7\u00c3O ","data":"14\/08\/2025","imagem":"https:\/\/images.futebolinterior.com.br\/2025\/08\/IMG_2815-300x169.webp","resumo":""},"2331340":{"titulo":"Luan retorna ao Uni\u00e3o S\u00e3o Jo\u00e3o para a Copa Paulista","link":"https:\/\/www.futebolinterior.com.br\/luan-retorna-ao-uniao-sao-joao-para-a-copa-paulista\/","chapeu":"REFOR\u00c7O ","data":"14\/08\/2025","imagem":"https:\/\/images.futebolinterior.com.br\/2025\/08\/IMG_2814-300x160.webp","resumo":""}}