{"2339423":{"titulo":"Copa Paulista: Marelli elogia a postura do S\u00e3o Jos\u00e9 diante do S\u00e3o Bento","link":"https:\/\/www.futebolinterior.com.br\/tecnico-sao-jose-fala-copa-paulista-4\/","chapeu":"APROVADO","data":"27\/08\/2025","imagem":"https:\/\/images.futebolinterior.com.br\/2025\/08\/mcGLhIZg-image-300x182.webp","resumo":"Ap\u00f3s a partida, o t\u00e9cnico Marcelo Marelli destacou a postura da equipe e as dificuldades enfrentadas durante o duelo"},"2338398":{"titulo":"Noroeste, Portuguesa Santista e Ara\u00e7atuba dominam SELE\u00c7\u00c3O FI da Copa Paulista. Confira!","link":"https:\/\/www.futebolinterior.com.br\/confira-a-selecao-fi-da-copa-paulista\/","chapeu":"S\u00d3 AS FERAS","data":"27\/08\/2025","imagem":"https:\/\/images.futebolinterior.com.br\/2025\/08\/T8ye2ulA-image-300x219.webp","resumo":"Quatro times mandantes venceram, houve tamb\u00e9m tr\u00eas empates, e a Portuguesa Santista foi a \u00fanica visitante a conquistar a vit\u00f3ria na rodada"},"2339366":{"titulo":"Ap\u00f3s pedidos, FPF define hor\u00e1rio de Comercial x Inter de Limeira","link":"https:\/\/www.futebolinterior.com.br\/apos-pedidos-fpf-define-horario-de-comercial-x-inter-de-limeira\/","chapeu":"OFICIAL","data":"27\/08\/2025","imagem":"https:\/\/images.futebolinterior.com.br\/2025\/08\/IMG_3106-300x168.webp","resumo":""},"2339358":{"titulo":"S\u00e3o Jos\u00e9 inicia semana decisiva com retornos na Copa Paulista","link":"https:\/\/www.futebolinterior.com.br\/sao-jose-inicia-semana-decisiva-com-retornos-na-copa-paulista\/","chapeu":"PREPARA\u00c7\u00c3O ","data":"27\/08\/2025","imagem":"https:\/\/images.futebolinterior.com.br\/2025\/08\/IMG_3105-300x144.webp","resumo":"\u00c1guia decide em casa a vaga nas quartas e conta com retornos de Jo\u00e3o Gabriel e Marlon Martins.\n"},"2339220":{"titulo":"Ap\u00f3s empate, t\u00e9cnico do S\u00e3o Bento acredita na vaga mesmo decidindo no Vale","link":"https:\/\/www.futebolinterior.com.br\/tecnico-sao-bento-avalia-copa-paulista-9\/","chapeu":"CONFIANTE","data":"27\/08\/2025","imagem":"https:\/\/images.futebolinterior.com.br\/2025\/08\/vHL4nqPe-image-300x236.webp","resumo":"Ap\u00f3s o apito final, em entrevista coletiva, o t\u00e9cnico Fabiano Carneiro lamentou n\u00e3o ter conquistado a vit\u00f3ria diante da torcida, mas demonstrou confian\u00e7a na classifica\u00e7\u00e3o"},"2339127":{"titulo":"PLACAR FI: Com Copa Paulista, confira os RESULTADOS desta TER\u00c7A-FEIRA","link":"https:\/\/www.futebolinterior.com.br\/confira-o-placar-fi-desta-terca-feira-7\/","chapeu":"COMPLET\u00c3O","data":"26\/08\/2025","imagem":"https:\/\/images.futebolinterior.com.br\/2025\/08\/MhU7os76-image-300x185.webp","resumo":"Como de costume, o\u00a0PLACAR FI\u00a0acompanhou todos os jogos e traz para voc\u00ea\u00a0torcedor, todos os\u00a0resultados\u00a0do dia"},"2338690":{"titulo":"Noroeste anuncia Andr\u00e9 Figueiredo como novo executivo","link":"https:\/\/www.futebolinterior.com.br\/noroeste-anuncia-andre-figueiredo-como-novo-executivo\/","chapeu":"NOVIDADE","data":"26\/08\/2025","imagem":"https:\/\/images.futebolinterior.com.br\/2025\/08\/IMG_3085-300x140.webp","resumo":""},"2338681":{"titulo":"S\u00e3o Bento anuncia Rodrigo Andrade para o mata-mata","link":"https:\/\/www.futebolinterior.com.br\/sao-bento-anuncia-rodrigo-andrade-para-o-mata-mata\/","chapeu":"REFOR\u00c7O ","data":"26\/08\/2025","imagem":"https:\/\/images.futebolinterior.com.br\/2025\/08\/IMG_3084-300x140.webp","resumo":""},"2338480":{"titulo":"Inter de Limeira 1 x 0 Comercial - Gol no fim d\u00e1 vantagem ao Le\u00e3o","link":"https:\/\/www.futebolinterior.com.br\/inter-de-limeira-1-x-0-comercial-copa-paulista\/","chapeu":"DEU INTER","data":"26\/08\/2025","imagem":"https:\/\/images.futebolinterior.com.br\/2025\/08\/Inter-de-Limeira-bate-Comercial-na-Copa-Paulista-3-300x200.webp","resumo":"Com o resultado, a Inter agora ganha a vantagem do empate para o jogo da volta, na briga pela classifica\u00e7\u00e3o"},"2338567":{"titulo":"Rog\u00e9rio Corr\u00eaa relembra t\u00edtulo brasileiro no Anacleto Campanella","link":"https:\/\/www.futebolinterior.com.br\/rogerio-correa-relembra-titulo-brasileiro-no-anacleto-campanella\/","chapeu":"MEM\u00d3RIA ","data":"26\/08\/2025","imagem":"https:\/\/images.futebolinterior.com.br\/2025\/08\/IMG_3075-300x143.webp","resumo":""}}