{"2340031":{"titulo":"Copa Paulista: Baj\u00e9 pode refor\u00e7ar o Comercial na decis\u00e3o contra a Inter de Limeira","link":"https:\/\/www.futebolinterior.com.br\/comercial-espera-conta-baje-copa-paulis\/","chapeu":"EXPECTATIVA","data":"28\/08\/2025","imagem":"https:\/\/images.futebolinterior.com.br\/2025\/08\/9K99Go5D-image-300x204.webp","resumo":"Considerado um dos pilares da equipe, Baj\u00e9 se lesionou no treino que antecedeu o jogo de ida e acabou ficando de fora da partida"},"2340012":{"titulo":"Uni\u00e3o S\u00e3o Jo\u00e3o x Noroeste \u2013 Onde assistir, hor\u00e1rio e escala\u00e7\u00f5es!","link":"https:\/\/www.futebolinterior.com.br\/uniao-sao-joao-x-noroeste-onde-assistir-horario-e-escalacoes\/","chapeu":"DUELO","data":"28\/08\/2025","imagem":"https:\/\/images.futebolinterior.com.br\/2025\/08\/IMG_3144-300x135.webp","resumo":"Norusca depende apenas de um empate para avan\u00e7ar. J\u00e1 o Uni\u00e3o precisa vencer por dois gols de diferen\u00e7a para se classificar no tempo normal, ou por um gol para levar a decis\u00e3o para os p\u00eanaltis."},"2339901":{"titulo":"T\u00e9cnico do Uni\u00e3o S\u00e3o Jo\u00e3o quer o time ligado para o jogo da Copa Paulista","link":"https:\/\/www.futebolinterior.com.br\/tecnico-uniao-sao-joao-copa-paulista-2\/","chapeu":"FOCO TOTAL","data":"28\/08\/2025","imagem":"https:\/\/images.futebolinterior.com.br\/2025\/08\/Ku6jHmil-image-300x167.webp","resumo":"Na rodada anterior, disputada no dia 23, o time alviverde perdeu sua invencibilidade como visitante ao ser derrotado por 1 a 0 no est\u00e1dio Alfredo de Castilho, em Bauru"},"2339885":{"titulo":"Copa Paulista: Monte Azul completa 45 jogos na temporada contra a Francana","link":"https:\/\/www.futebolinterior.com.br\/monte-azul-completa-45-jogos-no-ano\/","chapeu":"MARATONA","data":"28\/08\/2025","imagem":"https:\/\/images.futebolinterior.com.br\/2025\/08\/jQhka4jO-image-300x226.webp","resumo":"Pela Copa Paulista, onde est\u00e1 nas oitavas de final, o Azul\u00e3o empatou o jogo de ida por 1 a 1 com a Francana, no est\u00e1dio Lancha Filho, e decide a vaga em casa"},"2339881":{"titulo":"Atacante do S\u00e3o Caetano pede aten\u00e7\u00e3o redobrada na Copa Paulista","link":"https:\/\/www.futebolinterior.com.br\/sao-caetano-prepara-jogo-copa-paulista\/","chapeu":"FOCO TOTAL","data":"28\/08\/2025","imagem":"https:\/\/images.futebolinterior.com.br\/2025\/08\/IXAl0biV-image-300x182.webp","resumo":"Al\u00e9m da estrat\u00e9gia dentro de campo, Caiuby ressaltou a import\u00e2ncia da organiza\u00e7\u00e3o fora dele, j\u00e1 que a viagem a Presidente Prudente ser\u00e1 longa \u2014 mais de 560 km e cerca de seis horas"},"2339868":{"titulo":"Copa Paulista: Noroeste e Engenho lan\u00e7am cacha\u00e7a em comemora\u00e7\u00e3o aos 115 anos do clube","link":"https:\/\/www.futebolinterior.com.br\/noroeste-lanca-cachaca-115-anos\/","chapeu":"NOVIDADE","data":"28\/08\/2025","imagem":"https:\/\/images.futebolinterior.com.br\/2025\/08\/aRZKGr3A-image-300x251.webp","resumo":"De acordo com o clube, a Cacha\u00e7a 115 do Noroeste \u00e9 mais do que uma bebida: \u00e9 um legado, um brinde e uma celebra\u00e7\u00e3o \u00e0 paix\u00e3o, \u00e0 grandeza e \u00e0s conquistas da Locomotiva"},"2339477":{"titulo":"Copa Paulista: Francana inicia prepara\u00e7\u00e3o para a 'decis\u00e3o' contra o Monte Azul","link":"https:\/\/www.futebolinterior.com.br\/tecnico-francana-fala-copa-paulista\/","chapeu":"FOCO TOTAL","data":"27\/08\/2025","imagem":"https:\/\/images.futebolinterior.com.br\/2025\/08\/cqlFbgUC-image-300x202.webp","resumo":"No primeiro jogo, disputado no fim de semana em Franca, no est\u00e1dio Jos\u00e9 Lancha Filho, a Veterana ficou no empate de 1 a 1 com os visitantes"},"2339465":{"titulo":"Copa Paulista: Treinador do Noroeste destaca a postura contra o Uni\u00e3o","link":"https:\/\/www.futebolinterior.com.br\/tecnico-noroeste-fala-copa-paulista-4\/","chapeu":"TEM A VANTAGEM","data":"27\/08\/2025","imagem":"https:\/\/images.futebolinterior.com.br\/2025\/08\/TQOcsU2o-image-300x177.webp","resumo":"O gol do Noroeste foi marcado logo aos 7 minutos do primeiro tempo, em Bauru, pelo meio-campista Elvis. A partida decisiva ser\u00e1 nesta sexta-feira (29), \u00e0s 19h"},"2339455":{"titulo":"Copa Paulista: Alex Alves destaca a atua\u00e7\u00e3o da Portuguesa Santista contra o Oeste","link":"https:\/\/www.futebolinterior.com.br\/tecnico-portuguesa-santista-copa-paulis-3\/","chapeu":"BOA VANTAGEM","data":"27\/08\/2025","imagem":"https:\/\/images.futebolinterior.com.br\/2025\/08\/pMOPRPQu-image-300x237.webp","resumo":"Ap\u00f3s a partida, o t\u00e9cnico Alex Alves analisou o desempenho da equipe, elogiou a postura dos jogadores e projetou o pr\u00f3ximo confronto"},"2339450":{"titulo":"Copa Paulista: Treinador do Paulista diz que seu time jogar\u00e1 mais em Campinas","link":"https:\/\/www.futebolinterior.com.br\/tecnico-paulista-fala-copa-paulista-4\/","chapeu":"FOCO TOTAL","data":"27\/08\/2025","imagem":"https:\/\/images.futebolinterior.com.br\/2025\/08\/d6ubdb7U-image-300x239.webp","resumo":"Ap\u00f3s o confronto, o t\u00e9cnico do Paulista, Fausto Dias, falou \u00e0 imprensa. Ele destacou que tem consci\u00eancia das limita\u00e7\u00f5es do time, mas mant\u00e9m a confian\u00e7a na classifica\u00e7\u00e3o"}}