{"1793445":{"titulo":"N\u00e1utico x Vila Nova - Alvirrubros em busca de classifica\u00e7\u00e3o milion\u00e1ria na Copa do Brasil","link":"https:\/\/www.futebolinterior.com.br\/nautico-vila-nova-copa-do-brasil\/","chapeu":"IGUAIS","data":"08\/03\/2023","imagem":"https:\/\/images.futebolinterior.com.br\/2023\/03\/nautico-vila-nova-2022-300x220.jpg","resumo":"Clubes se enfrentaram pela \u00faltima vez na S\u00e9rie B de 2022, com o Tigre batendo o N\u00e1utico nos duelos disputados no Recife e em Goi\u00e2nia"},"1793446":{"titulo":"Santos x Iguatu-CE - Peixe tenta evitar outro fracasso na temporada","link":"https:\/\/www.futebolinterior.com.br\/santos-iguatu-copa-do-brasil\/","chapeu":"COPA DO BRASIL","data":"08\/03\/2023","imagem":"https:\/\/images.futebolinterior.com.br\/2023\/03\/santos6544-300x215.jpg","resumo":"Depois de ser eliminado do Campeonato Paulista ainda na fase de grupos, o Santos recebe o Iguatu pela 2\u00aa fase da Copa do Brasil "},"1793361":{"titulo":"COPA DO BRASIL: Santos quer esquecer elimina\u00e7\u00e3o no Paulist\u00e3o; Botafogo-SP tamb\u00e9m joga","link":"https:\/\/www.futebolinterior.com.br\/copa-do-brasil-santos-quer-esquecer-eliminacao-no-paulistao-botafogo-sp-tambem-joga\/","chapeu":"S\u00d3 JOG\u00c3O","data":"08\/03\/2023","imagem":"https:\/\/images.futebolinterior.com.br\/2023\/03\/Santos-Copa-do-Brasil-e1678299889470-300x177.jpg","resumo":"Em casa, no Est\u00e1dio da Vila Belmiro, o Santos recebe o modesto Iguatu-CE, \u00e0s 21h30, para esquecer a elimina\u00e7\u00e3o precoce no Paulist\u00e3o"},"1793340":{"titulo":"Copa do Brasil: Meia do Iguatu projeta duelo contra o Santos","link":"https:\/\/www.futebolinterior.com.br\/copa-do-brasil-iguatu-santos\/","chapeu":"DECIS\u00c3O","data":"08\/03\/2023","imagem":"https:\/\/images.futebolinterior.com.br\/2023\/03\/foto-divulgac\u0327a\u0303o-1-300x300.jpg","resumo":"Time cearense ter\u00e1 dificuldade para avan\u00e7ar na Copa do Brasil, por enfrentar advers\u00e1rio de maior express\u00e3o e fora de casa"},"1793233":{"titulo":"Copa do Brasil: N\u00e1utico tem d\u00favidas para jogo contra Vila Nova","link":"https:\/\/www.futebolinterior.com.br\/copa-brasil-nautico-duvidas-vila-nova\/","chapeu":"PROBLEMAS","data":"08\/03\/2023","imagem":"https:\/\/images.futebolinterior.com.br\/2023\/03\/denilson-nautico-300x200.jpg","resumo":"N\u00e1utico deve ter confirma\u00e7\u00e3o da escala\u00e7\u00e3o apenas momentos antes da bola rolar, pois dupla sentiu les\u00e3o no treinamento e ser\u00e1 reavaliada"},"1793180":{"titulo":"Ap\u00f3s anuncio oficial, Marquinhos Gabriel ir\u00e1 reestrear pelo Crici\u00fama na Copa do Brasil","link":"https:\/\/www.futebolinterior.com.br\/apos-anuncio-oficial-marquinhos-gabriel-ira-reestrear-pelo-criciuma-na-copa-do-brasil\/","chapeu":"A\u00cd SIM","data":"08\/03\/2023","imagem":"https:\/\/images.futebolinterior.com.br\/2023\/03\/Marquinhos-Gabriel-Criciuma-300x200.jpg","resumo":"Pelo menos foi isso que confirmou o t\u00e9cnico Claudio Tencati, em entrevista coletiva, ap\u00f3s a vit\u00f3ria do time carvoeiro por 2 a 0 diante do Atl\u00e9tico-SC, pela 10\u00aa rodada do Campeonato Catarinense, disputado na noite desta ter\u00e7a-feira (07)"},"1793126":{"titulo":"Elimina\u00e7\u00e3o da Ponte Preta coloca d\u00favida no mata-mata da A2","link":"https:\/\/www.futebolinterior.com.br\/eliminacao-da-ponte-preta-coloca-duvida-no-mata-mata-da-a2\/","chapeu":"BLOG DO ARI","data":"08\/03\/2023","imagem":"https:\/\/images.futebolinterior.com.br\/2023\/03\/Brasil-Pelotas-Ponte-Preta-3-e1678245030978-300x201.jpg","resumo":"A derrota na Copa do Brasil, mostrou que esse tro\u00e7o chamado supera\u00e7\u00e3o jamais pode ser subestimado no futebol. Que o diga a Ponte Preta\n"},"1793129":{"titulo":"T\u00e9cnico da Ponte Preta sofre poss\u00edvel ato de racismo na Copa do Brasil; \u00e1rbitro relata em s\u00famula","link":"https:\/\/www.futebolinterior.com.br\/tecnico-da-ponte-preta-sofre-possivel-ato-de-racismo-na-copa-do-brasil-arbitro-relata-em-sumula\/","chapeu":"EITA","data":"08\/03\/2023","imagem":"https:\/\/images.futebolinterior.com.br\/2023\/01\/helio-dos-anjos-ponte-preta-300x171.jpg","resumo":"O ato foi relatado em s\u00famula pelo \u00e1rbitro Felipe Fernandes de Lima"},"1793102":{"titulo":"Acabou o sonho na Copa do Brasil. Veja notas da Ponte Preta!","link":"https:\/\/www.futebolinterior.com.br\/acabou-o-sonho-na-copa-do-brasil-veja-notas-da-ponte-preta\/","chapeu":"AS NOTAS","data":"07\/03\/2023","imagem":"https:\/\/images.futebolinterior.com.br\/2023\/03\/Placar-FI-Copa-BR-e1678243850916-300x196.jpg","resumo":"Junte-se a isso, a 'atmosfera de decis\u00e3o' criada pelos ga\u00fachos, que encheram o est\u00e1dio Bento Freitas e os jogadores deram o sangue "},"1793084":{"titulo":"Paulist\u00e3o: Adilson Batista tem 'foco' e metas no Botafogo","link":"https:\/\/www.futebolinterior.com.br\/paulistao-adilson-batista-tem-foco-e-metas-no-botafogo\/","chapeu":"EM FOCO","data":"07\/03\/2023","imagem":"https:\/\/images.futebolinterior.com.br\/2023\/03\/Adilson-batista-e1678242604309-300x222.jpg","resumo":"Ele vai dar \u2018passo a passo\u2019, dentro de cada exig\u00eancia e dentro das prioridades do clube e da possibilidade do grupo de jogadores."}}