{"189466":{"titulo":"Dando show! Campanha solid\u00e1ria do XV de Piracicaba arrecada 3 toneladas de doa\u00e7\u00f5es","link":"https:\/\/www.futebolinterior.com.br\/dando-show-campanha-solidaria-do-xv-de-piracicaba-arrecada-3-toneladas-de-doacoes\/","chapeu":"A\u00cd SIM","data":"11\/04\/2020","imagem":"https:\/\/images.futebolinterior.com.br\/2020\/11\/0002050462004_img-300x208.png","resumo":"A a\u00e7\u00e3o 'Drive Thru do Bem' aconteceu durante este s\u00e1bado (11) no Est\u00e1dio Bar\u00e3o de Serra Negra"},"189511":{"titulo":"Paulista A2: Ex-Ponte, atacante da Portuguesa comenta sobre grave les\u00e3o","link":"https:\/\/www.futebolinterior.com.br\/paulista-a2-ex-ponte-atacante-da-portuguesa-comenta-sobre-grave-lesao\/","chapeu":"SE RECUPERANDO","data":"11\/04\/2020","imagem":"https:\/\/images.futebolinterior.com.br\/2020\/11\/0002050461951_img-300x199.jpg","resumo":"L\u00facio Fl\u00e1vio est\u00e1 se recuperando de uma microfissura na f\u00edbula da perna direita"},"189572":{"titulo":"Paulista A2: Lateral do Audax aposta em aplicativos de treinos para manter a forma","link":"https:\/\/www.futebolinterior.com.br\/paulista-a2-lateral-do-audax-aposta-em-aplicativos-de-treinos-para-manter-a-forma\/","chapeu":"AJUDANDO","data":"10\/04\/2020","imagem":"https:\/\/images.futebolinterior.com.br\/2020\/11\/0002050461908_img-300x183.jpg","resumo":"Varoli utiliza de seu aparelho de celular para se exercitar diariamente durante essa quarentena"},"189600":{"titulo":"Paulista A2: Atacante da Portuguesa fala sobre les\u00e3o e projeta melhora gradativa","link":"https:\/\/www.futebolinterior.com.br\/paulista-a2-atacante-da-portuguesa-fala-sobre-lesao-e-projeta-melhora-gradativa\/","chapeu":"VOLTANDO!","data":"10\/04\/2020","imagem":"https:\/\/images.futebolinterior.com.br\/2020\/11\/0002050461876_img-300x199.jpg","resumo":"L\u00facio Fl\u00e1vio se contundiu gravemente no come\u00e7o da temporada, mas deve retornar logo ap\u00f3s o fim da paralisa\u00e7\u00e3o"},"189644":{"titulo":"FPF far\u00e1 reuni\u00e3o com times das tr\u00eas divis\u00f5es paulistas na pr\u00f3xima semana","link":"https:\/\/www.futebolinterior.com.br\/fpf-fara-reuniao-com-times-das-tres-divisoes-paulistas-na-proxima-semana\/","chapeu":"E AGORA?","data":"10\/04\/2020","imagem":"https:\/\/images.futebolinterior.com.br\/2020\/11\/0002050461823_img-300x160.png","resumo":"A entidade quer encontrar solu\u00e7\u00f5es para os torneios estaduais, junto aos clubes"},"189648":{"titulo":"Fenapaf aceita diminuir diferen\u00e7a entre partidas para 48h: \"Excepcionalidade extrema\"","link":"https:\/\/www.futebolinterior.com.br\/fenapaf-aceita-diminuir-diferenca-entre-partidas-para-48h-excepcionalidade-extrema\/","chapeu":"MEDIDA OUSADA!","data":"10\/04\/2020","imagem":"https:\/\/images.futebolinterior.com.br\/2020\/11\/0002050461819_img-300x200.jpg","resumo":"Conforme o Regulamento Geral de competi\u00e7\u00f5es, partidas n\u00e3o poder\u00e3o ocorrer em uma diferen\u00e7a menor de 66 horas"},"189668":{"titulo":"Receita de quase R$ 400 milh\u00f5es com s\u00f3cio-torcedor fica amea\u00e7ada com quarentena","link":"https:\/\/www.futebolinterior.com.br\/receita-de-quase-r-400-milhoes-com-socio-torcedor-fica-ameacada-com-quarentena\/","chapeu":"PROBLEMA!","data":"10\/04\/2020","imagem":"https:\/\/images.futebolinterior.com.br\/2020\/11\/0002050461807_img-300x188.jpg","resumo":"A crise econ\u00f4mica e a falta de jogos podem acarretar na perda de apoiadores"},"189692":{"titulo":"Torcedora segue ideia de times potiguares e faz m\u00e1scara do S\u00e3o Bento contra COVID-19","link":"https:\/\/www.futebolinterior.com.br\/torcedora-segue-ideia-de-times-potiguares-e-faz-mascara-do-sao-bento-contra-covid-19\/","chapeu":"SE A MODA PEGA","data":"09\/04\/2020","imagem":"https:\/\/images.futebolinterior.com.br\/2020\/11\/0002050461777_img-300x232.png","resumo":"As m\u00e1scaras de tecido est\u00e3o sendo usadas, para que a popula\u00e7\u00e3o brasileira use quando precise sair de casa"},"189715":{"titulo":"Paulista A2: Portuguesa far\u00e1 \u2018carteira \u00eddolo\u2019 para \u00eddolos do clube","link":"https:\/\/www.futebolinterior.com.br\/paulista-a2-portuguesa-fara-carteira-idolo-para-idolos-do-clube\/","chapeu":"QUE LEGAL","data":"09\/04\/2020","imagem":"https:\/\/images.futebolinterior.com.br\/2020\/11\/0002050461748_img-300x200.png","resumo":"Iniciativa pretende dar livre acesso aos grandes nomes da hist\u00f3ria rubro-verde"},"189722":{"titulo":"Paulista A2: Destaque do Sert\u00e3ozinho relembra trajet\u00f3ria vencedora na Guatemala","link":"https:\/\/www.futebolinterior.com.br\/paulista-a2-destaque-do-sertaozinho-relembra-trajetoria-vencedora-na-guatemala\/","chapeu":"LEMBRAN\u00c7AS","data":"09\/04\/2020","imagem":"https:\/\/images.futebolinterior.com.br\/2020\/11\/0002050461743_img-298x300.jpg","resumo":"Jo\u00e3o Gabriel e chegou a ser campe\u00e3o pelo Santa Luc\u00eda, clube guatemalteco, em 2018; e sonha com acesso \u00e0 elite paulista"}}