{"303111":{"titulo":"Paulist\u00e3o: Em pr\u00e9-temporada, S\u00e3o Caetano anuncia novo uniforme. Fotos!","link":"https:\/\/www.futebolinterior.com.br\/paulistao-em-pre-temporada-sao-caetano-anuncia-novo-uniforme-fotos\/","chapeu":"FICOU SHOW","data":"22\/02\/2021","imagem":"https:\/\/images.futebolinterior.com.br\/2021\/04\/0002050530688_img-300x200.jpg","resumo":"A camisa de jogo ser\u00e1 predominante azul com faixas vermelha e branca, enquanto a de goleiro ser\u00e1 preta com um azul mais escuro"},"303105":{"titulo":"Ponte Preta ganha Movimento Renascer Pontepretano para mudar gest\u00e3o do clube","link":"https:\/\/www.futebolinterior.com.br\/ponte-preta-ganha-movimento-renascer-pontepretano-para-mudar-gestao-do-clube\/","chapeu":"POR MUDAN\u00c7AS ","data":"22\/02\/2021","imagem":"https:\/\/images.futebolinterior.com.br\/2021\/04\/0002050530686_img-300x125.jpg","resumo":"Grupo quer agregar pontepretanos para implementar uma s\u00e9rie de mudan\u00e7as na gest\u00e3o com profissionalismo"},"303107":{"titulo":"Paulist\u00e3o: Guarani apresenta goleiro revelado pelo Coritiba que estava no Brasil-RS","link":"https:\/\/www.futebolinterior.com.br\/paulistao-guarani-apresenta-goleiro-revelado-pelo-coritiba-que-estava-no-brasil-rs\/","chapeu":"NOVA MURALHA!","data":"22\/02\/2021","imagem":"https:\/\/images.futebolinterior.com.br\/2021\/04\/0002050530684_img-300x92.jpg","resumo":"\u201cPara mim, era uma grande oportunidade vir para c\u00e1. Agrade\u00e7o a diretoria que confiou no meu trabalho e me trouxe\", disse Rafael Martins"},"303126":{"titulo":"Paulist\u00e3o: Ferrovi\u00e1ria anuncia zagueiro que estava no Red Bull Brasil","link":"https:\/\/www.futebolinterior.com.br\/paulistao-ferroviaria-anuncia-zagueiro-que-estava-no-red-bull-brasil\/","chapeu":"MAIS UM","data":"22\/02\/2021","imagem":"https:\/\/images.futebolinterior.com.br\/2021\/04\/0002050530673_img-300x167.jpg","resumo":"O atleta realizou o teste do covid-19, que foi negativado, j\u00e1 est\u00e1 treinando com o elenco e assinou contrato at\u00e9 25 de maio"},"303124":{"titulo":"Meia deixa Chapecoense e assina com a Ponte Preta at\u00e9 o fim da S\u00e9rie B","link":"https:\/\/www.futebolinterior.com.br\/meia-deixa-chapecoense-e-assina-com-a-ponte-preta-ate-o-fim-da-serie-b\/","chapeu":"REFOR\u00c7O!","data":"22\/02\/2021","imagem":"https:\/\/images.futebolinterior.com.br\/2021\/04\/0002050530670_img-300x193.jpg","resumo":"Revela\u00e7\u00e3o da Chapecoense, o jogador tem 22 anos e chegou a ser pretendido tamb\u00e9m pelo CRB"},"303138":{"titulo":"Paulist\u00e3o: T\u00e9cnico analisa primeiro jogo-treino do Botafogo e j\u00e1 mira o S\u00e3o Paulo","link":"https:\/\/www.futebolinterior.com.br\/paulistao-tecnico-analisa-primeiro-jogo-treino-do-botafogo-e-ja-mira-o-sao-paulo\/","chapeu":"PREPARA\u00c7\u00c3O","data":"22\/02\/2021","imagem":"https:\/\/images.futebolinterior.com.br\/2021\/04\/0002050530658_img-300x159.jpg","resumo":"Enfrentando outro integrante do Campeonato Paulista, a Pantera perdeu por 2 a 0 para a Inter de Limeira, no Est\u00e1dio Santa Cruz"},"303146":{"titulo":"Paulist\u00e3o: 'Mesmo n\u00edvel do Brasileiro', diz refor\u00e7o do Ituano sobre o estadual","link":"https:\/\/www.futebolinterior.com.br\/paulistao-mesmo-nivel-do-brasileiro-diz-reforco-do-ituano-sobre-o-estadual\/","chapeu":"ELOGIOU","data":"22\/02\/2021","imagem":"https:\/\/images.futebolinterior.com.br\/2021\/04\/0002050530654_img-300x223.jpg","resumo":"\u201cEstava com saudades do futebol paulista. Todos sabem que se n\u00e3o for o melhor, \u00e9 um dos melhores estaduais\""},"303152":{"titulo":"Paulist\u00e3o: Inter de Limeira acerta empr\u00e9stimo de zagueiro da Ponte Preta","link":"https:\/\/www.futebolinterior.com.br\/paulistao-inter-de-limeira-acerta-emprestimo-de-zagueiro-da-ponte-preta\/","chapeu":"ANUNCIADO","data":"22\/02\/2021","imagem":"https:\/\/images.futebolinterior.com.br\/2021\/04\/0002050530647_img-300x200.jpg","resumo":"\u201cEssa \u00e9 a oportunidade da minha vida e espero contribuir o m\u00e1ximo para alcan\u00e7ar os objetivos do time dentro da competi\u00e7\u00e3o\""},"303218":{"titulo":"Apresentado no Ituano, lateral v\u00ea Paulist\u00e3o como \"oportunidade que todo atleta quer\"","link":"https:\/\/www.futebolinterior.com.br\/apresentado-no-ituano-lateral-ve-paulistao-como-oportunidade-que-todo-atleta-quer\/","chapeu":"FELIZ!","data":"22\/02\/2021","imagem":"https:\/\/images.futebolinterior.com.br\/2021\/04\/0002050530578_img-300x136.png","resumo":"\"Estou encarando esta chance como a melhor da minha vida profissional\", comentou M\u00e1rio S\u00e9rgio"},"303477":{"titulo":"Paulist\u00e3o: Novorizontino treina no Jorj\u00e3o e encerra semana de trabalhos","link":"https:\/\/www.futebolinterior.com.br\/paulistao-novorizontino-treina-no-jorjao-e-encerra-semana-de-trabalhos\/","chapeu":"PREPARA\u00c7\u00c3O","data":"20\/02\/2021","imagem":"https:\/\/images.futebolinterior.com.br\/2021\/04\/0002050530268_img-300x224.jpg","resumo":"O grupo se reapresentou no Est\u00e1dio Doutor Jorge Ismael de Biasi e finalizou mais uma semana de trabalho pensando na estreia"}}