{"203050":{"titulo":"Paulist\u00e3o: Em Ribeir\u00e3o Preto, Botafogo defende tabu de 13 anos contra o Mirassol","link":"https:\/\/www.futebolinterior.com.br\/paulistao-em-ribeirao-preto-botafogo-defende-tabu-de-13-anos-contra-o-mirassol\/","chapeu":"FAVOR\u00c1VEL","data":"03\/02\/2020","imagem":"https:\/\/images.futebolinterior.com.br\/2020\/11\/0002050446859_img-300x205.jpg","resumo":"Equipes se enfrentam pela quarta rodada do Campeonato Paulista e buscam primeira vit\u00f3ria na competi\u00e7\u00e3o"},"203062":{"titulo":"Com retorno de meia, Corinthians se reapresenta de olho na Libertadores","link":"https:\/\/www.futebolinterior.com.br\/com-retorno-de-meia-corinthians-se-reapresenta-de-olho-na-libertadores\/","chapeu":"DE VOLTA","data":"03\/02\/2020","imagem":"https:\/\/images.futebolinterior.com.br\/2020\/11\/0002050446831_img-300x200.jpg","resumo":"Como a sele\u00e7\u00e3o chilena sub-23 n\u00e3o avan\u00e7ou \u00e0 segunda fase, o jogador foi liberado para retomar os trabalhos no time paulista"},"203083":{"titulo":"Novo gramado tenta diminuir impasse de R$ 12 mi entre Palmeiras e Allianz Parque","link":"https:\/\/www.futebolinterior.com.br\/novo-gramado-tenta-diminuir-impasse-de-r-12-mi-entre-palmeiras-e-allianz-parque\/","chapeu":"PRA CONCILIAR","data":"03\/02\/2020","imagem":"https:\/\/images.futebolinterior.com.br\/2020\/11\/0002050446823_img-300x169.jpg","resumo":"O objetivo principal da troca da grama natural pela sint\u00e9tica serve para ajudar a conciliar melhor o calend\u00e1rio"},"203093":{"titulo":"Presidente do Atl\u00e9tico-MG confirma venda de goleiro ao Red Bull Bragantino","link":"https:\/\/www.futebolinterior.com.br\/presidente-do-atletico-mg-confirma-venda-de-goleiro-ao-red-bull-bragantino\/","chapeu":"FECHADO","data":"03\/02\/2020","imagem":"https:\/\/images.futebolinterior.com.br\/2020\/11\/0002050446796_img-300x169.jpg","resumo":"S\u00e9rgio Sette C\u00e2mara n\u00e3o falou em valores, mas o Galo deve receber cerca de R$ 23,7 milh\u00f5es por Cleiton"},"203117":{"titulo":"Paulist\u00e3o: Retornos de Soteldo e S\u00e1nchez s\u00e3o esperan\u00e7as do Santos para reagir","link":"https:\/\/www.futebolinterior.com.br\/paulistao-retornos-de-soteldo-e-sanchez-sao-esperancas-do-santos-para-reagir\/","chapeu":"SALVADORES?","data":"03\/02\/2020","imagem":"https:\/\/images.futebolinterior.com.br\/2020\/11\/0002050446782_img-300x200.jpg","resumo":"Gringos foram desfalques do t\u00e9cnico Jesualdo Ferreira no cl\u00e1ssico contra o Corinthians"},"203119":{"titulo":"Paulist\u00e3o: Treinador do Palmeiras cobra atitude dos jogadores ap\u00f3s derrota","link":"https:\/\/www.futebolinterior.com.br\/paulistao-treinador-do-palmeiras-cobra-atitude-dos-jogadores-apos-derrota\/","chapeu":"FICOU BRAVO","data":"03\/02\/2020","imagem":"https:\/\/images.futebolinterior.com.br\/2020\/11\/0002050446777_img-300x169.jpg","resumo":"Vanderlei Luxemburgo ficou bastante irritado com o comportamento do time diante do Red Bull Bragantino"},"203107":{"titulo":"Paulist\u00e3o: Por problema muscular, Ponte perde dupla titular para duelo em Limeira","link":"https:\/\/www.futebolinterior.com.br\/paulistao-por-problema-muscular-ponte-perde-dupla-titular-para-duelo-em-limeira\/","chapeu":"BAIXAS","data":"03\/02\/2020","imagem":"https:\/\/images.futebolinterior.com.br\/2020\/11\/0002050446790_img-300x201.jpg","resumo":"Os laterais Jeferson e Guilherme Lazaroni est\u00e3o vetados pelo Departamento M\u00e9dico da Macaca"},"203127":{"titulo":"Paulist\u00e3o: Em Limeira, Inter tenta por fim em tabu de 20 anos contra a Ponte Preta","link":"https:\/\/www.futebolinterior.com.br\/paulistao-em-limeira-inter-tenta-por-fim-em-tabu-de-20-anos-contra-a-ponte-preta\/","chapeu":"TABU EM LIMEIRA","data":"03\/02\/2020","imagem":"https:\/\/images.futebolinterior.com.br\/2020\/11\/0002050446770_img-300x117.jpg","resumo":"Em 48 confrontos, s\u00e3o 22 vit\u00f3rias da Macaca, contra 12 do Le\u00e3o da Paulista, al\u00e9m de 14 empates."},"203131":{"titulo":"Paulist\u00e3o: Ponte Preta define estrat\u00e9gia para utilizar dinheiro da venda de Camilo","link":"https:\/\/www.futebolinterior.com.br\/paulistao-ponte-preta-define-estrategia-para-utilizar-dinheiro-da-venda-de-camilo\/","chapeu":"CASA EM ORDEM","data":"03\/02\/2020","imagem":"https:\/\/images.futebolinterior.com.br\/2020\/11\/0002050446764_img-300x267.png","resumo":"Volante da base foi vendido ao Lyon por 2 milh\u00f5es de euros, al\u00e9m de 20% em caso de futura venda"},"203123":{"titulo":"Paulist\u00e3o: Com vit\u00f3ria, Guarani quebra jejum de 15 anos contra o Santo Andr\u00e9","link":"https:\/\/www.futebolinterior.com.br\/paulistao-com-vitoria-guarani-quebra-jejum-de-15-anos-contra-o-santo-andre\/","chapeu":"NOS ACR\u00c9SCIMOS","data":"03\/02\/2020","imagem":"https:\/\/images.futebolinterior.com.br\/2020\/11\/0002050446772_img-300x200.jpg","resumo":"Bugre superou o Ramalh\u00e3o por 2 a 1, no Brinco de Ouro, com gol aos 48 minutos da etapa complementar"}}