{"202924":{"titulo":"O que esperar do Corinthians nesta pr\u00e9 Libertadores?","link":"https:\/\/www.futebolinterior.com.br\/o-que-esperar-do-corinthians-nesta-pre-libertadores\/","chapeu":"OPINI\u00c3O","data":"03\/02\/2020","imagem":"https:\/\/images.futebolinterior.com.br\/2020\/11\/0002050446981_img-300x200.jpg","resumo":"O Corinthians foi buscar um treinador com ideias de jogo totalmente diferentes do seu antecessores"},"202939":{"titulo":"Tim\u00e3o foi o dono do cl\u00e1ssico no Itaquer\u00e3o","link":"https:\/\/www.futebolinterior.com.br\/timao-foi-o-dono-do-classico-no-itaquerao\/","chapeu":"OPINI\u00c3O","data":"03\/02\/2020","imagem":"https:\/\/images.futebolinterior.com.br\/2020\/11\/0002050446965_img-300x144.jpg","resumo":"Thiago Nunes poderia ate ter chegado a uma sonora goleada. A vit\u00f3ria foi mais do que justa. "},"202945":{"titulo":"Corinthians se acerta com Benfica e Pedrinho receber\u00e1 1,2 milh\u00e3o de euros por ano","link":"https:\/\/www.futebolinterior.com.br\/corinthians-se-acerta-com-benfica-e-pedrinho-recebera-12-milhao-de-euros-por-ano\/","chapeu":"EM JUNHO...","data":"03\/02\/2020","imagem":"https:\/\/images.futebolinterior.com.br\/2020\/11\/0002050446956_img-300x164.jpg","resumo":"Jovem jogador ainda ir\u00e1 faturar b\u00f4nus de 100 mil euros a cada dez jogos completados pelo clube portugu\u00eas"},"202952":{"titulo":"Goleador, mas indeciso! Her\u00f3i da Inter de Limeira fica em cima do muro sobre os gols","link":"https:\/\/www.futebolinterior.com.br\/goleador-mas-indeciso-heroi-da-inter-de-limeira-fica-em-cima-do-muro-sobre-os-gols\/","chapeu":"DIZ A\u00cd!","data":"03\/02\/2020","imagem":"https:\/\/images.futebolinterior.com.br\/2020\/11\/0002050446953_img-300x279.jpg","resumo":"Ele anotou os dois gols do Le\u00e3o e virou o jogo contra a Ponte Preta pelo Paulist\u00e3o"},"202966":{"titulo":"Por que o 'tost\u00e3o' venceu o 'bar\u00e3o' em Limeira?","link":"https:\/\/www.futebolinterior.com.br\/por-que-o-tostao-venceu-o-barao-em-limeira\/","chapeu":"BLOG DO ARI","data":"03\/02\/2020","imagem":"https:\/\/images.futebolinterior.com.br\/2020\/11\/0002050446966_img-300x108.jpg","resumo":"Em atua\u00e7\u00e3o irreconhec\u00edvel, Ponte perde em Limeira"},"202973":{"titulo":"Inter de Limeira 2 x 1 Ponte Preta - Murilo Rangel rugiu alto e o Le\u00e3o papou a Macaca!","link":"https:\/\/www.futebolinterior.com.br\/inter-de-limeira-2-x-1-ponte-preta-murilo-rangel-rugiu-alto-e-o-leao-papou-a-macaca\/","chapeu":"RUGIU ALTO!","data":"03\/02\/2020","imagem":"https:\/\/images.futebolinterior.com.br\/2020\/11\/0002050446929_img-300x108.jpg","resumo":"Time de Elano marcou os primeiros gols da Inter de Limeira, assim como a primeira partida no Paulist\u00e3o"},"202981":{"titulo":"Paulist\u00e3o: Cart\u00e3o para Janderson foi correto e seria dado na S\u00e9rie A, diz CBF","link":"https:\/\/www.futebolinterior.com.br\/paulistao-cartao-para-janderson-foi-correto-e-seria-dado-na-serie-a-diz-cbf\/","chapeu":"REGRAS","data":"03\/02\/2020","imagem":"https:\/\/images.futebolinterior.com.br\/2020\/11\/0002050446916_img-300x197.jpg","resumo":"Janderson j\u00e1 havia sido advertido com o cart\u00e3o amarelo e recebeu o segundo ao subir em uma escadinha para abra\u00e7ar torcedores"},"203022":{"titulo":"Vinicius Bergantin, t\u00e9cnico do Ituano, quer \"rea\u00e7\u00e3o j\u00e1 no pr\u00f3ximo jogo\"","link":"https:\/\/www.futebolinterior.com.br\/vinicius-bergantin-tecnico-do-ituano-quer-reacao-ja-no-proximo-jogo\/","chapeu":"COMPLICOU!","data":"03\/02\/2020","imagem":"https:\/\/images.futebolinterior.com.br\/2020\/11\/0002050446881_img-300x116.jpg","resumo":"Ituano ter\u00e1 a semana toda para se preparar para o confronto ante o Novorizontino no domingo, \u00e0s 19 horas, no Jorj\u00e3o"},"203034":{"titulo":"Felipe Concei\u00e7\u00e3o quer que RB Bragantino saia da \"zona de conforto\" para \"crescer\"","link":"https:\/\/www.futebolinterior.com.br\/felipe-conceicao-quer-que-rb-bragantino-saia-da-zona-de-conforto-para-crescer\/","chapeu":"PR\u00d3XIMOS PASSOS","data":"03\/02\/2020","imagem":"https:\/\/images.futebolinterior.com.br\/2020\/11\/0002050446868_img-300x136.jpg","resumo":"Bragantino est\u00e1 na terceira coloca\u00e7\u00e3o do Grupo D com cinco pontos, dois a menos que a dupla da zona de classifica\u00e7\u00e3o"},"203048":{"titulo":"Novorizontino j\u00e1 vende ingressos para duelos da Copa do Brasil e Paulist\u00e3o","link":"https:\/\/www.futebolinterior.com.br\/novorizontino-ja-vende-ingressos-para-duelos-da-copa-do-brasil-e-paulistao\/","chapeu":"CORRA J\u00c1!","data":"03\/02\/2020","imagem":"https:\/\/images.futebolinterior.com.br\/2020\/11\/0002050446857_img-300x270.jpg","resumo":"Jogos do Tigre ser\u00e3o contra Figueirense na quinta-feira e Ituano no domingo"}}