{"202101":{"titulo":"\u200bPaulist\u00e3o: Mirassol testa invencibilidade diante do Red Bull Bragantino no Mai\u00e3o","link":"https:\/\/www.futebolinterior.com.br\/%e2%80%8bpaulistao-mirassol-testa-invencibilidade-diante-do-red-bull-bragantino-no-maiao\/","chapeu":"JOG\u00c3O","data":"07\/02\/2020","imagem":"https:\/\/images.futebolinterior.com.br\/2020\/11\/0002050448009_img-300x160.jpg","resumo":"As duas equipes sonham com a lideran\u00e7a de seus respectivos grupos "},"202107":{"titulo":"Paulist\u00e3o: Ap\u00f3s semanas de indefini\u00e7\u00e3o, Guarani inscreve volante na Lista A","link":"https:\/\/www.futebolinterior.com.br\/paulistao-apos-semanas-de-indefinicao-guarani-inscreve-volante-na-lista-a\/","chapeu":"REGULARIZADO","data":"07\/02\/2020","imagem":"https:\/\/images.futebolinterior.com.br\/2020\/11\/0002050448007_img-300x200.jpg","resumo":"Recuperado de les\u00e3o muscular na panturrilha, Ricardinho fica \u00e0 disposi\u00e7\u00e3o de Thiago Carpini"},"202115":{"titulo":"Gabriel Menino exalta bom in\u00edcio no Palmeiras e se surpreende com fama r\u00e1pida","link":"https:\/\/www.futebolinterior.com.br\/gabriel-menino-exalta-bom-inicio-no-palmeiras-e-se-surpreende-com-fama-rapida\/","chapeu":"QUE MUDAN\u00c7A!","data":"07\/02\/2020","imagem":"https:\/\/images.futebolinterior.com.br\/2020\/11\/0002050447995_img-300x120.jpg","resumo":"Rotina mudou para Gabriel Menino de forma t\u00e3o fulminante como tem sido o in\u00edcio dele no Palmeiras"},"202111":{"titulo":"Paulo Roberto Santos v\u00ea Grupo da Morte e faz as contas para a classifica\u00e7\u00e3o","link":"https:\/\/www.futebolinterior.com.br\/paulo-roberto-santos-ve-grupo-da-morte-e-faz-as-contas-para-a-classificacao\/","chapeu":"MATEM\u00c1TICA!","data":"07\/02\/2020","imagem":"https:\/\/images.futebolinterior.com.br\/2020\/11\/0002050447993_img-300x144.jpg","resumo":"Santo Andr\u00e9, apesar de ter perdido a invencibilidade - derrota para o Guarani por 2 a 1 -, lidera o Grupo B com nove pontos"},"202191":{"titulo":"Paulist\u00e3o: Por terceira vit\u00f3ria, Guarani desafia hist\u00f3rico negativo contra o Oeste","link":"https:\/\/www.futebolinterior.com.br\/paulistao-por-terceira-vitoria-guarani-desafia-historico-negativo-contra-o-oeste\/","chapeu":"PEDRA NO SAPATO","data":"07\/02\/2020","imagem":"https:\/\/images.futebolinterior.com.br\/2020\/11\/0002050447886_img-300x142.jpg","resumo":"N\u00fameros indicam dificuldades do Bugre nas partidas diante do Rubr\u00e3o"},"202197":{"titulo":"Paulist\u00e3o: Apesar do vi\u00e9s de baixa do Oeste, Carpini pede aten\u00e7\u00e3o ao Guarani em Barueri","link":"https:\/\/www.futebolinterior.com.br\/paulistao-apesar-do-vies-de-baixa-do-oeste-carpini-pede-atencao-ao-guarani-em-barueri\/","chapeu":"ABRE O OLHO","data":"07\/02\/2020","imagem":"https:\/\/images.futebolinterior.com.br\/2020\/11\/0002050447898_img-300x200.jpg","resumo":"Bugre visita o Rubr\u00e3o, nesta sexta-feira, na expectativa de engatar a segunda vit\u00f3ria consecutiva"},"202170":{"titulo":"Paulist\u00e3o: Mesmo irregular, Ponte Preta quebra jejum ofensivo de 12 anos; entenda","link":"https:\/\/www.futebolinterior.com.br\/paulistao-mesmo-irregular-ponte-preta-quebra-jejum-ofensivo-de-12-anos-entenda\/","chapeu":"TEM TEMPO","data":"07\/02\/2020","imagem":"https:\/\/images.futebolinterior.com.br\/2020\/11\/0002050447920_img-300x187.jpg","resumo":"Macaca n\u00e3o abria o placar nos quatro primeiros jogos da temporada desde 2008"},"202189":{"titulo":"Paulist\u00e3o: Thiago Carpini elogia iminente refor\u00e7o do Guarani: 'Jovem e promissor'","link":"https:\/\/www.futebolinterior.com.br\/paulistao-thiago-carpini-elogia-iminente-reforco-do-guarani-jovem-e-promissor\/","chapeu":"BOM INDICATIVO","data":"07\/02\/2020","imagem":"https:\/\/images.futebolinterior.com.br\/2020\/11\/0002050447883_img-300x200.jpg","resumo":"Aos 20 anos, Vitor Mendes ser\u00e1 emprestado pelo Atl\u00e9tico-MG para sequ\u00eancia da temporada"},"202207":{"titulo":"Paulist\u00e3o: Contra segunda melhor defesa, Ponte Preta tenta manter rotina de gols","link":"https:\/\/www.futebolinterior.com.br\/paulistao-contra-segunda-melhor-defesa-ponte-preta-tenta-manter-rotina-de-gols\/","chapeu":"ATAQUE X DEFESA","data":"07\/02\/2020","imagem":"https:\/\/images.futebolinterior.com.br\/2020\/11\/0002050447894_img-300x199.jpg","resumo":"Enquanto Palmeiras sofreu apenas dois jogos, Macaca balan\u00e7ou as redes nas quatro rodadas"},"202201":{"titulo":"Paulist\u00e3o: Guarani 'rebaixa' Pedro Moraes ao sub 20 e promove zagueiro ao profissional","link":"https:\/\/www.futebolinterior.com.br\/paulistao-guarani-rebaixa-pedro-moraes-ao-sub-20-e-promove-zagueiro-ao-profissional\/","chapeu":"SOBE E DESCE","data":"07\/02\/2020","imagem":"https:\/\/images.futebolinterior.com.br\/2020\/11\/0002050447889_img-300x200.jpg","resumo":"Decis\u00e3o foi adotada pelo t\u00e9cnico Thiago Carpini ap\u00f3s an\u00e1lise de treinamentos nos \u00faltimos meses"}}