{"202004":{"titulo":"Paulist\u00e3o: Treinador do Ituano reconhece in\u00edcio ruim, mas v\u00ea evolu\u00e7\u00e3o","link":"https:\/\/www.futebolinterior.com.br\/paulistao-treinador-do-ituano-reconhece-inicio-ruim-mas-ve-evolucao\/","chapeu":"MELHORANDO...","data":"07\/02\/2020","imagem":"https:\/\/images.futebolinterior.com.br\/2020\/11\/0002050448101_img-300x198.jpg","resumo":"O Galo de Itu ainda n\u00e3o venceu nenhum jogo e est\u00e1 devendo dentro de campo"},"202014":{"titulo":"Ponte Preta x Palmeiras - Mais um grande na conta da Macaca?","link":"https:\/\/www.futebolinterior.com.br\/ponte-preta-x-palmeiras-mais-um-grande-na-conta-da-macaca\/","chapeu":"MACACA BRAVA!","data":"07\/02\/2020","imagem":"https:\/\/images.futebolinterior.com.br\/2020\/11\/0002050448090_img-300x134.jpg","resumo":"Macaca j\u00e1 venceu o Corinthians no Majestoso e, agora, quer derrubar o Verd\u00e3o para seguir no G2"},"202064":{"titulo":"PAULIST\u00c3O: Ponte e Palmeiras buscar\u00e3o a recupera\u00e7\u00e3o; Melhor clube pegar\u00e1 pedreira","link":"https:\/\/www.futebolinterior.com.br\/paulistao-ponte-e-palmeiras-buscarao-a-recuperacao-melhor-clube-pegara-pedreira\/","chapeu":"S\u00d3 JOG\u00c3O!","data":"07\/02\/2020","imagem":"https:\/\/images.futebolinterior.com.br\/2020\/11\/0002050448044_img-300x162.jpg","resumo":"Ainda ter\u00e1 o Corinthians em campo, al\u00e9m do Novorizontino, segundo melhor time do Paulista"},"202041":{"titulo":"Paulist\u00e3o: Vitor Hugo projeta disputa com Felipe Melo e 'dor de cabe\u00e7a' para Luxemburgo","link":"https:\/\/www.futebolinterior.com.br\/paulistao-vitor-hugo-projeta-disputa-com-felipe-melo-e-dor-de-cabeca-para-luxemburgo\/","chapeu":"VOLTANDO","data":"07\/02\/2020","imagem":"https:\/\/images.futebolinterior.com.br\/2020\/11\/0002050448081_img-300x179.jpg","resumo":"Zagueiro se recupera de cirurgia realizada em dezembro do ano passado"},"202045":{"titulo":"Yony Gonz\u00e1lez treina no Corinthians e espera regularizar situa\u00e7\u00e3o","link":"https:\/\/www.futebolinterior.com.br\/yony-gonzalez-treina-no-corinthians-e-espera-regularizar-situacao\/","chapeu":"PRIMEIRA VEZ!","data":"07\/02\/2020","imagem":"https:\/\/images.futebolinterior.com.br\/2020\/11\/0002050448074_img-300x189.jpg","resumo":"Atacante ainda n\u00e3o foi anunciado oficialmente pelo Alvinegro"},"202037":{"titulo":"Paulist\u00e3o: S\u00e9rgio Soares mant\u00e9m time para tentar segunda vit\u00f3ria seguida com a Ferrovi\u00e1ria","link":"https:\/\/www.futebolinterior.com.br\/paulistao-sergio-soares-mantem-time-para-tentar-segunda-vitoria-seguida-com-a-ferroviaria\/","chapeu":"SEM SEGREDOS!","data":"07\/02\/2020","imagem":"https:\/\/images.futebolinterior.com.br\/2020\/11\/0002050448070_img-300x118.jpg","resumo":"Nada de mudan\u00e7as para o confronto ante o \u00c1gua Santa neste s\u00e1bado, \u00e0s 15 horas, em Diadema, pela quinta rodada"},"202057":{"titulo":"Lateral relembra duelos com o Novorizontino e pede Ituano 'extremamente focado'","link":"https:\/\/www.futebolinterior.com.br\/lateral-relembra-duelos-com-o-novorizontino-e-pede-ituano-extremamente-focado\/","chapeu":"SEMPRE VENCEU!","data":"07\/02\/2020","imagem":"https:\/\/images.futebolinterior.com.br\/2020\/11\/0002050448047_img-300x169.jpg","resumo":"Breno Lopes faz sua terceira edi\u00e7\u00e3o de Paulist\u00e3o e tem \u00f3timo restrospecto contra pr\u00f3ximo advers\u00e1rio"},"202113":{"titulo":"Paulist\u00e3o: De olho no Palmeiras, Gilson Kleina indica mudan\u00e7as na Ponte Preta","link":"https:\/\/www.futebolinterior.com.br\/paulistao-de-olho-no-palmeiras-gilson-kleina-indica-mudancas-na-ponte-preta\/","chapeu":"QUEM SER\u00c1?","data":"07\/02\/2020","imagem":"https:\/\/images.futebolinterior.com.br\/2020\/11\/0002050447997_img-300x194.jpg","resumo":"Maior novidade deve ser deslocalamento de Apodi do ataque \u00e0 lateral-direita"},"202105":{"titulo":"Para mostrar novo gramado, Palmeiras pode fazer treino aberto ao p\u00fablico na arena","link":"https:\/\/www.futebolinterior.com.br\/para-mostrar-novo-gramado-palmeiras-pode-fazer-treino-aberto-ao-publico-na-arena\/","chapeu":"TREINO ABERTO","data":"07\/02\/2020","imagem":"https:\/\/images.futebolinterior.com.br\/2020\/11\/0002050448019_img-300x137.jpg","resumo":"O clube e a gestora do est\u00e1dio conversam para organizar um evento que marque a utiliza\u00e7\u00e3o do novo piso"},"202099":{"titulo":"Ex-volante de Palmeiras e Ponte conta com torcida para reverter situa\u00e7\u00e3o do \u00c1gua Santa","link":"https:\/\/www.futebolinterior.com.br\/ex-volante-de-palmeiras-e-ponte-conta-com-torcida-para-reverter-situacao-do-agua-santa\/","chapeu":"FOR\u00c7A DE FORA!","data":"07\/02\/2020","imagem":"https:\/\/images.futebolinterior.com.br\/2020\/11\/0002050448013_img-300x163.png","resumo":"Clube de Diadema receber\u00e1 a Ferrovi\u00e1ria neste s\u00e1bado, \u00e0s 15 horas, no Distrital do Inamar, pela quinta rodada"}}