{"423666":{"titulo":"Paulist\u00e3o: Jucilei v\u00ea S\u00e3o Paulo forte e d\u00e1 recado: 'No campo n\u00e3o entra dinheiro'","link":"https:\/\/www.futebolinterior.com.br\/paulistao-jucilei-ve-sao-paulo-forte-e-da-recado-no-campo-nao-entra-dinheiro\/","chapeu":"FORTES","data":"19\/01\/2018","imagem":"https:\/\/images.futebolinterior.com.br\/2021\/04\/0002050289328_img-300x194.jpg","resumo":"O volante disse que o time est\u00e1 motivado em lutar pelo t\u00edtulo estadual, que n\u00e3o conquista desde 2005"},"423699":{"titulo":"Sheik faz juras de amor ao Corinthians e promete responder desconfian\u00e7a em campo","link":"https:\/\/www.futebolinterior.com.br\/sheik-faz-juras-de-amor-ao-corinthians-e-promete-responder-desconfianca-em-campo\/","chapeu":"DEIXA COMIGO!","data":"19\/01\/2018","imagem":"https:\/\/images.futebolinterior.com.br\/2021\/04\/0002050289324_img-300x169.jpg","resumo":"Nos bastidores, o jogador ainda provocou o S\u00e3o Paulo e afirmou que ser\u00e1 uma honra disputar outra Libertadores pelo Tim\u00e3o"},"423689":{"titulo":"Paulist\u00e3o: Novo gerente de futebol do Santos, William evita comentar interesse em Gabigol","link":"https:\/\/www.futebolinterior.com.br\/paulistao-novo-gerente-de-futebol-do-santos-william-evita-comentar-interesse-em-gabigol\/","chapeu":"DESPISTOU","data":"19\/01\/2018","imagem":"https:\/\/images.futebolinterior.com.br\/2021\/04\/0002050289315_img-300x169.jpg","resumo":"\"Minha fun\u00e7\u00e3o \u00e9 entender as necessidades do clube, tra\u00e7ar o perfil e sugerir dois ou tr\u00eas nomes de acordo com a faixa salarial\", disse"},"423747":{"titulo":"Paulist\u00e3o: Palmeiras admite cansa\u00e7o em estreia e deve ter mudan\u00e7as para domingo","link":"https:\/\/www.futebolinterior.com.br\/paulistao-palmeiras-admite-cansaco-em-estreia-e-deve-ter-mudancas-para-domingo\/","chapeu":"MAS J\u00c1?","data":"19\/01\/2018","imagem":"https:\/\/images.futebolinterior.com.br\/2021\/04\/0002050289284_img-300x176.jpg","resumo":"A boa atua\u00e7\u00e3o do Palmeiras na estreia no Campeonato Paulista, nesta quinta-feira, n\u00e3o significa a manuten\u00e7\u00e3o da equipe para o pr\u00f3ximo jogo pela competi\u00e7\u00e3o"},"423749":{"titulo":"Paulist\u00e3o: Arboleda desfalcar\u00e1 S\u00e3o Paulo no s\u00e1bado; Bruno Alves deve ser titular","link":"https:\/\/www.futebolinterior.com.br\/paulistao-arboleda-desfalcara-sao-paulo-no-sabado-bruno-alves-deve-ser-titular\/","chapeu":"DE NOVO","data":"19\/01\/2018","imagem":"https:\/\/images.futebolinterior.com.br\/2021\/04\/0002050289281_img-300x169.jpg","resumo":"O zagueiro Arboleda ainda n\u00e3o se recuperou completamente de um estiramento na coxa direita e n\u00e3o estar\u00e1 \u00e0 disposi\u00e7\u00e3o do t\u00e9cnico Dorival Junior"},"423741":{"titulo":"Paulist\u00e3o: S\u00e3o Bento viaja para encarar o Mirassol, ap\u00f3s vencer o S\u00e3o Paulo","link":"https:\/\/www.futebolinterior.com.br\/paulistao-sao-bento-viaja-para-encarar-o-mirassol-apos-vencer-o-sao-paulo\/","chapeu":"PRA CIMA","data":"19\/01\/2018","imagem":"https:\/\/images.futebolinterior.com.br\/2021\/04\/0002050289279_img-300x219.jpg","resumo":"Os jogadores do S\u00e3o Bento tiveram pouco tempo para celebrar a vit\u00f3ria por 2 a 0, gols de Anderson Cavalo e Maicon Souza, contra o S\u00e3o Paulo, nesta quarta-feira em Sorocaba"},"423753":{"titulo":"Paulist\u00e3o: No Mai\u00e3o, S\u00e3o Bento enfrenta o Mirassol com retrospecto negativo","link":"https:\/\/www.futebolinterior.com.br\/paulistao-no-maiao-sao-bento-enfrenta-o-mirassol-com-retrospecto-negativo\/","chapeu":"QUEM LEVA?","data":"19\/01\/2018","imagem":"https:\/\/images.futebolinterior.com.br\/2021\/04\/0002050289277_img-300x226.jpg","resumo":"O S\u00e3o Bento enfrenta o Mirassol neste s\u00e1bado (20), \u00e0s 16h30, no Est\u00e1dio Jos\u00e9 Maria de Campos Maia (Mai\u00e3o), em Mirassol, pela segunda rodada do Campeonato Paulista"},"423755":{"titulo":"Paulist\u00e3o: Em Araraquara, Ferrovi\u00e1ria se apoia em retrospecto para vencer Ituano","link":"https:\/\/www.futebolinterior.com.br\/paulistao-em-araraquara-ferroviaria-se-apoia-em-retrospecto-para-vencer-ituano\/","chapeu":"VAI ROLAR","data":"19\/01\/2018","imagem":"https:\/\/images.futebolinterior.com.br\/2021\/04\/0002050289276_img-300x219.jpg","resumo":"A Ferrovi\u00e1ria recebe o Ituano neste s\u00e1bado (20), \u00e0s 21 horas, na Arena Fonte Luminosa, em Araraquara, pela segunda rodada do Campeonato Paulista"},"423761":{"titulo":"Corinthians ou S\u00e3o Paulo, quem desencanta no Paulist\u00e3o? Confira os progn\u00f3sticos!","link":"https:\/\/www.futebolinterior.com.br\/corinthians-ou-sao-paulo-quem-desencanta-no-paulistao-confira-os-prognosticos\/","chapeu":"AGORA VAI","data":"19\/01\/2018","imagem":"https:\/\/images.futebolinterior.com.br\/2021\/04\/0002050289274_img-300x200.jpg","resumo":"Corinthians ou S\u00e3o Paulo, quem desencanta no Paulist\u00e3o? Confira as cota\u00e7\u00f5es da segunda rodada"},"423767":{"titulo":"Pai de Alan Kardec se anima com interesse do Corinthians, mas v\u00ea acordo dif\u00edcil","link":"https:\/\/www.futebolinterior.com.br\/pai-de-alan-kardec-se-anima-com-interesse-do-corinthians-mas-ve-acordo-dificil\/","chapeu":"SEI N\u00c3O...","data":"19\/01\/2018","imagem":"https:\/\/images.futebolinterior.com.br\/2021\/04\/0002050289271_img-300x157.jpg","resumo":"O atacante est\u00e1 bem no futebol chin\u00eas e tem mais um ano de contrato, o que complica um retorno ao Brasil"}}