{"422549":{"titulo":"Paulist\u00e3o: Cueva tem futuro incerto no S\u00e3o Paulo ap\u00f3s mais uma pol\u00eamica","link":"https:\/\/www.futebolinterior.com.br\/paulistao-cueva-tem-futuro-incerto-no-sao-paulo-apos-mais-uma-polemica\/","chapeu":"INDO EMBORA?","data":"24\/01\/2018","imagem":"https:\/\/images.futebolinterior.com.br\/2021\/04\/0002050290238_img-300x169.jpg","resumo":"Para o peruano, ser reserva, como estava previsto, fazia ele se sentir desimportante"},"422543":{"titulo":"Paulist\u00e3o: Antes de ser \u00eddolo no Palmeiras, Lucas Lima rodou muito pelo interior","link":"https:\/\/www.futebolinterior.com.br\/paulistao-antes-de-ser-idolo-no-palmeiras-lucas-lima-rodou-muito-pelo-interior\/","chapeu":"CURIOSIDADE","data":"24\/01\/2018","imagem":"https:\/\/images.futebolinterior.com.br\/2021\/04\/0002050290235_img-300x225.jpg","resumo":"Com passagens por clubes de Rio Preto e regi\u00e3o, o meia \u00e9 a esperan\u00e7a da torcida palmeirense"},"422568":{"titulo":"Paulist\u00e3o: \u00cddolo do Santos, Clodoaldo \u00e9 demitido do cargo de consultor","link":"https:\/\/www.futebolinterior.com.br\/paulistao-idolo-do-santos-clodoaldo-e-demitido-do-cargo-de-consultor\/","chapeu":"MANCADA","data":"24\/01\/2018","imagem":"https:\/\/images.futebolinterior.com.br\/2021\/04\/0002050290222_img-300x200.jpg","resumo":"Antes dele, outros ex-jogadores deixaram o Peixe no in\u00edcio deste ano, ap\u00f3s a posse do presidente Jos\u00e9 Carlos Peres"},"422570":{"titulo":"Paulist\u00e3o: S\u00e3o Paulo pode aproveitar atraso de sal\u00e1rios para tirar Nen\u00ea do Vasco","link":"https:\/\/www.futebolinterior.com.br\/paulistao-sao-paulo-pode-aproveitar-atraso-de-salarios-para-tirar-nene-do-vasco\/","chapeu":"DE OLHO","data":"24\/01\/2018","imagem":"https:\/\/images.futebolinterior.com.br\/2021\/04\/0002050290221_img-300x200.jpg","resumo":"Al\u00e9m do meio-campista, o time paulista segue negociando com os atacantes Tr\u00e9llez e Carlos Eduardo"},"422566":{"titulo":"Sandro Sargentim realiza est\u00e1gio com F\u00e1bio Carille para completar Licen\u00e7a Pro","link":"https:\/\/www.futebolinterior.com.br\/sandro-sargentim-realiza-estagio-com-fabio-carille-para-completar-licenca-pro\/","chapeu":"EST\u00c1GIO!","data":"24\/01\/2018","imagem":"https:\/\/images.futebolinterior.com.br\/2021\/04\/0002050290219_img-300x224.jpg","resumo":"Nos intervalos dos treinos, ele procura acompanhar diversos jogos pelas S\u00e9ries A2 e A3 do Campeonato Paulista"},"422584":{"titulo":"Paulist\u00e3o: Fora de casa, S\u00e3o Paulo tenta fugir de uma crise precoce em 2018","link":"https:\/\/www.futebolinterior.com.br\/paulistao-fora-de-casa-sao-paulo-tenta-fugir-de-uma-crise-precoce-em-2018\/","chapeu":"COM TUDO","data":"24\/01\/2018","imagem":"https:\/\/images.futebolinterior.com.br\/2021\/04\/0002050290214_img-300x193.jpg","resumo":"O tricolor tenta evitar os efeitos de mais uma pol\u00eamica envolvendo o meia peruano Cueva, um de seus principais jogadores"},"422580":{"titulo":"Paulist\u00e3o: Palmeiras tenta negociar empr\u00e9stimos para tr\u00eas jogadores 'encostados'","link":"https:\/\/www.futebolinterior.com.br\/paulistao-palmeiras-tenta-negociar-emprestimos-para-tres-jogadores-encostados\/","chapeu":"NO MERCADOO","data":"24\/01\/2018","imagem":"https:\/\/images.futebolinterior.com.br\/2021\/04\/0002050290213_img-300x200.jpg","resumo":"O zagueiro Leandro Almeida, o lateral Taylor e o meia Patrick Vieira cumprem expediente di\u00e1rio na Academia de Futebol"},"422576":{"titulo":"Paulist\u00e3o: Dores no joelho adiam estreia de Ren\u00ea J\u00fanior pelo Corinthians","link":"https:\/\/www.futebolinterior.com.br\/paulistao-dores-no-joelho-adiam-estreia-de-rene-junior-pelo-corinthians\/","chapeu":"NO AGUARDO","data":"24\/01\/2018","imagem":"https:\/\/images.futebolinterior.com.br\/2021\/04\/0002050290212_img-300x169.png","resumo":"O volante atuou por 45 minutos na Florida Cup, mas, desde sua contrata\u00e7\u00e3o, tem sofrido com dores"},"422588":{"titulo":"Paulist\u00e3o: Carille ir\u00e1 dar chance aos jovens do Corinthians nessa 3\u00aa rodada","link":"https:\/\/www.futebolinterior.com.br\/paulistao-carille-ira-dar-chance-aos-jovens-do-corinthians-nessa-3a-rodada\/","chapeu":"MUDAN\u00c7AS","data":"24\/01\/2018","imagem":"https:\/\/images.futebolinterior.com.br\/2021\/04\/0002050290209_img-300x200.jpg","resumo":"Ao inv\u00e9s dos experientes Rodriguinho e Jadson, entre outros, o torcedor poder\u00e1 em ver a\u00e7\u00e3o os jovens Pedrinho, Maycon e Mateus Vital"},"422594":{"titulo":"Primeira Par\u00f3dia do Futebol Interior \u00e9 com Neymar e tem sucesso absoluto ns Redes!","link":"https:\/\/www.futebolinterior.com.br\/primeira-parodia-do-futebol-interior-e-com-neymar-e-tem-sucesso-absoluto-ns-redes\/","chapeu":"VALE CONFERIR","data":"24\/01\/2018","imagem":"https:\/\/images.futebolinterior.com.br\/2021\/04\/0002050290207_img-300x146.jpg","resumo":"Par\u00f3dia envolveu Neymar, o craque do PSG, e da Sele\u00e7\u00e3o Brasileira. Vale a pena conferir !"}}