{"421494":{"titulo":"Ap\u00f3s n\u00e3o pedir suas contrata\u00e7\u00f5es, treinador projeta bom in\u00edcio de refor\u00e7os do S\u00e3o Paulo","link":"https:\/\/www.futebolinterior.com.br\/apos-nao-pedir-suas-contratacoes-treinador-projeta-bom-inicio-de-reforcos-do-sao-paulo\/","chapeu":"FALOU A REAL","data":"29\/01\/2018","imagem":"https:\/\/images.futebolinterior.com.br\/2021\/04\/0002050291262_img-300x193.jpg","resumo":"O meia Nen\u00ea e o atacante Tr\u00e9llez n\u00e3o estavam na lista feita por Dorival J\u00fanior"},"421492":{"titulo":"Dudu supera Vald\u00edvia e se torna o 2\u00ba maior artilheiro do Palmeiras no s\u00e9culo","link":"https:\/\/www.futebolinterior.com.br\/dudu-supera-valdivia-e-se-torna-o-2o-maior-artilheiro-do-palmeiras-no-seculo\/","chapeu":"\u00c9 O CARA","data":"29\/01\/2018","imagem":"https:\/\/images.futebolinterior.com.br\/2021\/04\/0002050291261_img-220x300.jpg","resumo":"Com 42 gols, o capit\u00e3o alviverde est\u00e1 atr\u00e1s apenas de Vagner Love, que marcou 54"},"421511":{"titulo":"Toro Loko volta a Campinas para pegar Linense e atr\u00e1s da 1.\u00aa vit\u00f3ria no Paulist\u00e3o","link":"https:\/\/www.futebolinterior.com.br\/toro-loko-volta-a-campinas-para-pegar-linense-e-atras-da-1-a-vitoria-no-paulistao\/","chapeu":"PELA VIT\u00d3RIA","data":"29\/01\/2018","imagem":"https:\/\/images.futebolinterior.com.br\/2021\/04\/0002050291241_img-300x168.jpg","resumo":"Com apoio do projeto Futebol Sustent\u00e1vel da Federa\u00e7\u00e3o Paulista de Futebol. Duas garrafas pets por um ingresso."},"421503":{"titulo":"Ningu\u00e9m consegue segurar o Palmeiras de Roger no Paulist\u00e3o","link":"https:\/\/www.futebolinterior.com.br\/ninguem-consegue-segurar-o-palmeiras-de-roger-no-paulistao\/","chapeu":"OPINI\u00c3O","data":"29\/01\/2018","imagem":"https:\/\/images.futebolinterior.com.br\/2021\/04\/0002050291248_img-300x190.jpg","resumo":"Por isso, nesse momento do campeonato n\u00e3o \u00e9 loucura dizer que o Palmeiras \u00e9 o grande favorito ao t\u00edtulo"},"421578":{"titulo":"Paulist\u00e3o: Carille cobra diretoria e define J\u00fanior Dutra como titular no ataque","link":"https:\/\/www.futebolinterior.com.br\/paulistao-carille-cobra-diretoria-e-define-junior-dutra-como-titular-no-ataque\/","chapeu":"COBRAN\u00c7A!","data":"28\/01\/2018","imagem":"https:\/\/images.futebolinterior.com.br\/2021\/04\/0002050291246_img-300x200.jpg","resumo":"Paulist\u00e3o: Carille cobra diretoria e define J\u00fanior Dutra como titular no ataque"},"421517":{"titulo":"Novo xod\u00f3 da torcida, Rodrygo celebra mais um gol decisivo pelo Santos","link":"https:\/\/www.futebolinterior.com.br\/novo-xodo-da-torcida-rodrygo-celebra-mais-um-gol-decisivo-pelo-santos\/","chapeu":"S\u00d3 ALEGRIA","data":"28\/01\/2018","imagem":"https:\/\/images.futebolinterior.com.br\/2021\/04\/0002050291244_img-300x300.jpg","resumo":"O atacante de apenas 17 anos saiu do banco de reservas para garantir o empate do Peixe"},"421526":{"titulo":"Santos 1 x 1 Ituano - Garoto de 17 anos brilha de novo e salva o Peixe","link":"https:\/\/www.futebolinterior.com.br\/santos-1-x-1-ituano-garoto-de-17-anos-brilha-de-novo-e-salva-o-peixe\/","chapeu":"TEM ESTRELA","data":"28\/01\/2018","imagem":"https:\/\/images.futebolinterior.com.br\/2021\/04\/0002050291226_img-300x130.jpg","resumo":"Rodrygo saiu do banco de reservas para marcar o gol de empate aos 45 minutos do segundo tempo"},"421536":{"titulo":"PLACAR AO VIVO: CONFIRA todos os resultados dos jogos deste DOMINGO!","link":"https:\/\/www.futebolinterior.com.br\/placar-ao-vivo-confira-todos-os-resultados-dos-jogos-deste-domingo-5\/","chapeu":"TUDO AQUI!","data":"28\/01\/2018","imagem":"https:\/\/images.futebolinterior.com.br\/2021\/04\/0002050291221_img-300x200.jpg","resumo":"Destaque para a vit\u00f3ria da Ponte Preta diante do S\u00e3o Bento, fora de casa pelo Paulist\u00e3o"},"421556":{"titulo":"Santo Andr\u00e9 x Mirassol - Quem leva a melhor no duelo dos dois piores?","link":"https:\/\/www.futebolinterior.com.br\/santo-andre-x-mirassol-quem-leva-a-melhor-no-duelo-dos-dois-piores\/","chapeu":"QUE SITUA\u00c7\u00c3O","data":"28\/01\/2018","imagem":"https:\/\/images.futebolinterior.com.br\/2021\/04\/0002050291178_img-300x199.jpg","resumo":"Ramalh\u00e3o e Le\u00e3o da Araraquarense n\u00e3o conquistaram nenhuma vit\u00f3ria no campeonato"},"421580":{"titulo":"S\u00e3o Paulo acerta empr\u00e9stimo de Jonatan Gomez para Al-Fayha","link":"https:\/\/www.futebolinterior.com.br\/sao-paulo-acerta-emprestimo-de-jonatan-gomez-para-al-fayha\/","chapeu":"VAI TARDE","data":"28\/01\/2018","imagem":"https:\/\/images.futebolinterior.com.br\/2021\/04\/0002050291174_img-300x158.jpg","resumo":"No Tricolor desde o ano passado, o hermano disputou apenas 12 partidas e n\u00e3o agradou a torcida"}}