{"421338":{"titulo":"Paulist\u00e3o: Com Futebol Sustent\u00e1vel, Santo Andr\u00e9 e Mirassol tem casa cheia","link":"https:\/\/www.futebolinterior.com.br\/paulistao-com-futebol-sustentavel-santo-andre-e-mirassol-tem-casa-cheia\/","chapeu":"SEMPRE D\u00c1 SHOW!","data":"29\/01\/2018","imagem":"https:\/\/images.futebolinterior.com.br\/2021\/04\/0002050291420_img-300x225.jpg","resumo":"Santo Andr\u00e9 e Mirassol se enfrentaram na noite desta segunda-feira com Futebol Sustent\u00e1vel."},"421368":{"titulo":"Paulist\u00e3o: Ra\u00ed confirma reintegra\u00e7\u00e3o de Cueva no S\u00e3o Paulo: 'Esperamos que d\u00ea resultado'","link":"https:\/\/www.futebolinterior.com.br\/paulistao-rai-confirma-reintegracao-de-cueva-no-sao-paulo-esperamos-que-de-resultado\/","chapeu":"MAIS UMA CHANCE","data":"29\/01\/2018","imagem":"https:\/\/images.futebolinterior.com.br\/2021\/04\/0002050291387_img-300x193.jpg","resumo":"O diretor executivo de futebol do S\u00e3o Paulo, Ra\u00ed, confirmou nesta segunda-feira a reintegra\u00e7\u00e3o do meia peruano Christian Cueva ao elenco. "},"421370":{"titulo":"Paulist\u00e3o: Corinthians testar\u00e1 Sheik, Henrique e Danilo em jogo-treino","link":"https:\/\/www.futebolinterior.com.br\/paulistao-corinthians-testara-sheik-henrique-e-danilo-em-jogo-treino\/","chapeu":"QUEM JOGA?","data":"29\/01\/2018","imagem":"https:\/\/images.futebolinterior.com.br\/2021\/04\/0002050291410_img-300x200.jpg","resumo":"O t\u00e9cnico do Corinthians, F\u00e1bio Carille, j\u00e1 avisou que pretende aproveitar a atividade para testar o atacante Emerson Sheik e o zagueiro Henrique diante do Nacional."},"421272":{"titulo":"Paulist\u00e3o: Paulo Roberto trabalha para superar desfalque do S\u00e3o Bento na sexta","link":"https:\/\/www.futebolinterior.com.br\/paulistao-paulo-roberto-trabalha-para-superar-desfalque-do-sao-bento-na-sexta\/","chapeu":"FALA PROFESSOR!","data":"29\/01\/2018","imagem":"https:\/\/images.futebolinterior.com.br\/2021\/04\/0002050291493_img-300x217.jpg","resumo":"O treinador que j\u00e1 n\u00e3o conta com o zagueiro Jo\u00e3o Paulo, com uma les\u00e3o no ombro"},"421351":{"titulo":"Santo Andr\u00e9 1 x 1 Mirassol - Em jogo de pouca inspira\u00e7\u00e3o, ambos seguem sem vencer","link":"https:\/\/www.futebolinterior.com.br\/santo-andre-1-x-1-mirassol-em-jogo-de-pouca-inspiracao-ambos-seguem-sem-vencer\/","chapeu":"VISH","data":"29\/01\/2018","imagem":"https:\/\/images.futebolinterior.com.br\/2021\/04\/0002050291388_img-300x199.jpg","resumo":"Os donos da casa at\u00e9 conseguiram sair na frente, mas n\u00e3o conseguiram segurar a press\u00e3o advers\u00e1ria"},"421358":{"titulo":"Paulist\u00e3o: Nen\u00ea e Tr\u00e9llez revelam inspira\u00e7\u00e3o em ex-s\u00e3o-paulinos na chegada ao clube","link":"https:\/\/www.futebolinterior.com.br\/paulistao-nene-e-trellez-revelam-inspiracao-em-ex-sao-paulinos-na-chegada-ao-clube\/","chapeu":"NO MORUMBI!","data":"29\/01\/2018","imagem":"https:\/\/images.futebolinterior.com.br\/2021\/04\/0002050291386_img-300x193.jpg","resumo":"O meia foi contratado por dois anos, enquanto o atacante assinou v\u00ednculo por quatro temporadas"},"421375":{"titulo":"Victor Ferraz desabafa ap\u00f3s ser vaiado no Santos: 'N\u00e3o me escondo'","link":"https:\/\/www.futebolinterior.com.br\/victor-ferraz-desabafa-apos-ser-vaiado-no-santos-nao-me-escondo\/","chapeu":"CARA A TAPA","data":"29\/01\/2018","imagem":"https:\/\/images.futebolinterior.com.br\/2021\/04\/0002050291363_img-300x200.jpg","resumo":"Lateral-direito garantiu aceitar as cr\u00edticas, mas tamb\u00e9m pediu mais paci\u00eancia ao torcedor "},"421393":{"titulo":"Por compra de votos, Paulo Garcia tem candidatura impugnada no Corinthians","link":"https:\/\/www.futebolinterior.com.br\/por-compra-de-votos-paulo-garcia-tem-candidatura-impugnada-no-corinthians\/","chapeu":"FORA!","data":"29\/01\/2018","imagem":"https:\/\/images.futebolinterior.com.br\/2021\/04\/0002050291356_img-300x169.jpg","resumo":"O pleito que ocorre no pr\u00f3ximo s\u00e1bado, ter\u00e1 apenas quatro candidatos, que s\u00e3o: Andr\u00e9s Sanchez, Ant\u00f4nio Roque Citadini, Felipe Ezabella "},"421385":{"titulo":"Paulist\u00e3o: S\u00e3o Paulo oficializa as contrata\u00e7\u00f5es de Nen\u00ea e Trellez","link":"https:\/\/www.futebolinterior.com.br\/paulistao-sao-paulo-oficializa-as-contratacoes-de-nene-e-trellez\/","chapeu":"A\u00cd SIM EIN","data":"29\/01\/2018","imagem":"https:\/\/images.futebolinterior.com.br\/2021\/04\/0002050291342_img-300x193.jpg","resumo":" Os dois realizaram exames m\u00e9dicos pela manh\u00e3 e depois foram ao CT da Barra Funda para conhecerem a estrutura"},"421403":{"titulo":"Palmeiras recusa oferta de empres\u00e1rios e descarta zagueiro do Milan","link":"https:\/\/www.futebolinterior.com.br\/palmeiras-recusa-oferta-de-empresarios-e-descarta-zagueiro-do-milan\/","chapeu":"NEM QUERO","data":"29\/01\/2018","imagem":"https:\/\/images.futebolinterior.com.br\/2021\/04\/0002050291336_img-300x205.jpg","resumo":"Mesmo ap\u00f3s vender o colombiano Yerry Mina, diretoria alviverde n\u00e3o demonstrou interesse em fazer a compra efetiva de G\u00f3mez"}}