{"420045":{"titulo":"Paulist\u00e3o: Perto da volta ao Santos, Vitor Bueno celebra recupera\u00e7\u00e3o de les\u00e3o","link":"https:\/\/www.futebolinterior.com.br\/paulistao-perto-da-volta-ao-santos-vitor-bueno-celebra-recuperacao-de-lesao\/","chapeu":"SHOW","data":"03\/02\/2018","imagem":"https:\/\/images.futebolinterior.com.br\/2021\/04\/0002050292621_img-300x130.jpg","resumo":"Foi a primeira vez que o atleta de 23 anos participou de uma partida desde se lesionar no dia 1\u00ba de julho de 2016"},"420049":{"titulo":"Boca de urna, banda, presentes e at\u00e9 rob\u00f4 agitam a elei\u00e7\u00e3o do Corinthians","link":"https:\/\/www.futebolinterior.com.br\/boca-de-urna-banda-presentes-e-ate-robo-agitam-a-eleicao-do-corinthians\/","chapeu":"MOVIMENTADO","data":"03\/02\/2018","imagem":"https:\/\/images.futebolinterior.com.br\/2021\/04\/0002050292619_img-300x166.jpg","resumo":"Centenas de pessoas distribu\u00edram pap\u00e9is, os chamados santinhos, para quem estava no clube"},"420020":{"titulo":"Ituano 1 x 1 Ponte Preta - Macaca fica perto da vit\u00f3ria, mas perde 100% fora de casa","link":"https:\/\/www.futebolinterior.com.br\/ituano-1-x-1-ponte-preta-macaca-fica-perto-da-vitoria-mas-perde-100-fora-de-casa\/","chapeu":"N\u00c3O DEU!","data":"03\/02\/2018","imagem":"https:\/\/images.futebolinterior.com.br\/2021\/04\/0002050292579_img-300x169.jpg","resumo":"O time campineiro conquistou os sete pontos que tem no torneio longe do Mois\u00e9s Lucarelli"},"420029":{"titulo":"LUTO: Ex-diretor do Botafogo-SP, Leandr\u00e3o \u00e9 encontrado morto em hotel da cidade","link":"https:\/\/www.futebolinterior.com.br\/luto-ex-diretor-do-botafogo-sp-leandrao-e-encontrado-morto-em-hotel-da-cidade\/","chapeu":"MORTE ESTRANHA","data":"03\/02\/2018","imagem":"https:\/\/images.futebolinterior.com.br\/2021\/04\/0002050292545_img-300x174.jpg","resumo":"Segundo informa\u00e7\u00f5es da Pol\u00edcia Militar, a suspeita da causa da morte \u00e9 suic\u00eddio por ingest\u00e3o excessiva de medicamentos."},"420043":{"titulo":"Oposi\u00e7\u00e3o se divide e Andr\u00e9s Sanchez vence elei\u00e7\u00e3o com folga no Corinthians","link":"https:\/\/www.futebolinterior.com.br\/oposicao-se-divide-e-andres-sanchez-vence-eleicao-com-folga-no-corinthians\/","chapeu":"LEVOU COM FOLGA","data":"03\/02\/2018","imagem":"https:\/\/images.futebolinterior.com.br\/2021\/04\/0002050292539_img-300x191.jpg","resumo":"Andr\u00e9s, agora deputado pelo PT, volta ao cargo ap\u00f3s tr\u00eas anos e quatro meses. "},"420070":{"titulo":"Palmeiras x Santos - Com Scarpa relacionado, Verd\u00e3o tem primeiro grande teste em 2018","link":"https:\/\/www.futebolinterior.com.br\/palmeiras-x-santos-com-scarpa-relacionado-verdao-tem-primeiro-grande-teste-em-2018\/","chapeu":"\u00c9 CL\u00c1SSICO!","data":"03\/02\/2018","imagem":"https:\/\/images.futebolinterior.com.br\/2021\/04\/0002050292516_img-300x130.jpg","resumo":"A R\u00e1dio FI retransmitir\u00e1 a R\u00e1dio Nova Esta\u00e7\u00e3o FM, que trar\u00e1 todos os detalhes e emo\u00e7\u00f5es da partida"},"420053":{"titulo":"Paulist\u00e3o: Artilheiro do Palmeiras, Dudu projeta cl\u00e1ssico contra sua maior 'v\u00edtima'","link":"https:\/\/www.futebolinterior.com.br\/paulistao-artilheiro-do-palmeiras-dudu-projeta-classico-contra-sua-maior-vitima\/","chapeu":"PROMETE","data":"03\/02\/2018","imagem":"https:\/\/images.futebolinterior.com.br\/2021\/04\/0002050292526_img-300x181.jpg","resumo":"Maior goleador do atual elenco e do Allianz Parque, camisa 7 \u00e9 uma das principais esperan\u00e7as do Verd\u00e3o no duelo contra o Santos"},"420075":{"titulo":"Sem mist\u00e9rio, Palmeiras fecha prepara\u00e7\u00e3o para cl\u00e1ssico com o Santos","link":"https:\/\/www.futebolinterior.com.br\/sem-misterio-palmeiras-fecha-preparacao-para-classico-com-o-santos\/","chapeu":"TUDO PRONTO!","data":"03\/02\/2018","imagem":"https:\/\/images.futebolinterior.com.br\/2021\/04\/0002050292512_img-300x169.jpg","resumo":"O zagueiro Edu Dracena realizou trabalho f\u00edsico no gramado, enquanto Diogo Barbosa ficou na parte interna do CT"},"420091":{"titulo":"Kazim \u00e9 preterido e J\u00fanior Dutra ser\u00e1 titular do Corinthians; Sheik \u00e9 relacionado","link":"https:\/\/www.futebolinterior.com.br\/kazim-e-preterido-e-junior-dutra-sera-titular-do-corinthians-sheik-e-relacionado\/","chapeu":"KAZIM OU DUTRA?","data":"03\/02\/2018","imagem":"https:\/\/images.futebolinterior.com.br\/2021\/04\/0002050292505_img-300x200.jpg","resumo":"O Tim\u00e3o enfrenta o Novorizontino, neste domingo, \u00e0s 19h30, no Ismael de Biasi, em Novo Horizonte"},"420293":{"titulo":"S\u00e3o Caetano x Mirassol - Le\u00e3o volta ao ABC em busca da primeira vit\u00f3ria","link":"https:\/\/www.futebolinterior.com.br\/sao-caetano-x-mirassol-leao-volta-ao-abc-em-busca-da-primeira-vitoria\/","chapeu":"OUTRA CHANCE","data":"03\/02\/2018","imagem":"https:\/\/images.futebolinterior.com.br\/2021\/04\/0002050292278_img-300x199.jpg","resumo":"Os dois times se enfrentam neste domingo, no Anacleto Campanella, em partida que conta com a Promo\u00e7\u00e3o Futebol Sustent\u00e1vel"}}