{"419838":{"titulo":"Torcedores de S\u00e3o Paulo e Palmeiras brigam em trem da CPTM. Assista!","link":"https:\/\/www.futebolinterior.com.br\/torcedores-de-sao-paulo-e-palmeiras-brigam-em-trem-da-cptm-assista\/","chapeu":"COME\u00c7OU!","data":"04\/02\/2018","imagem":"https:\/\/images.futebolinterior.com.br\/2021\/04\/0002050292800_img-300x167.jpg","resumo":"A confus\u00e3o aconteceu na estad\u00e3o \u00c1gua Branca, da Linha Rubi da CPTm, na zona oeste de S\u00e3o Paulo"},"419843":{"titulo":"\u200bLinense x Ferrovi\u00e1ria - Um deles terminar\u00e1 a rodada na zona de rebaixamento","link":"https:\/\/www.futebolinterior.com.br\/%e2%80%8blinense-x-ferroviaria-um-deles-terminara-a-rodada-na-zona-de-rebaixamento\/","chapeu":"DESESPERO!","data":"04\/02\/2018","imagem":"https:\/\/images.futebolinterior.com.br\/2021\/04\/0002050292797_img-300x89.jpg","resumo":"Na \u00faltima coloca\u00e7\u00e3o de seus grupos, Elefante e Ferrinha fecham a quinta rodada sob press\u00e3o"},"419849":{"titulo":"LUTO! Encontrado sem vida, ex-diretor do Botafogo \u00e9 sepultado em Ribeir\u00e3o Preto","link":"https:\/\/www.futebolinterior.com.br\/luto-encontrado-sem-vida-ex-diretor-do-botafogo-e-sepultado-em-ribeirao-preto\/","chapeu":"DESCANSE EM PAZ","data":"04\/02\/2018","imagem":"https:\/\/images.futebolinterior.com.br\/2021\/04\/0002050292796_img-300x200.jpg","resumo":"Aos 42 anos, Leandro Jair Vieira, mais conhecido como Leandr\u00e3o, faleceu devido a ingest\u00e3o de medicamentos "},"419864":{"titulo":"Paulist\u00e3o: Em nota, Corinthians lamenta confus\u00e3o e agress\u00f5es na elei\u00e7\u00e3o presidencial","link":"https:\/\/www.futebolinterior.com.br\/paulistao-em-nota-corinthians-lamenta-confusao-e-agressoes-na-eleicao-presidencial\/","chapeu":"POSI\u00c7\u00c3O OFICIAL","data":"04\/02\/2018","imagem":"https:\/\/images.futebolinterior.com.br\/2021\/04\/0002050292785_img-300x200.jpg","resumo":" A confus\u00e3o teve in\u00edcio quando Andr\u00e9s come\u00e7ou a dar entrevista coletiva no gin\u00e1sio onde ocorreu a elei\u00e7\u00e3o"},"419858":{"titulo":"Paulist\u00e3o: Eduardo Baptista muda o foco e prepara Ponte Preta para Copa do Brasil","link":"https:\/\/www.futebolinterior.com.br\/paulistao-eduardo-baptista-muda-o-foco-e-prepara-ponte-preta-para-copa-do-brasil\/","chapeu":"FOCADOS","data":"04\/02\/2018","imagem":"https:\/\/images.futebolinterior.com.br\/2021\/04\/0002050292773_img-300x169.jpg","resumo":"O treinador afirma que a Macaca vai at\u00e9 Manaus enfrentar o Nacional na estreia, na noite de ter\u00e7a-feira, com o que tem de melhor"},"419910":{"titulo":"Paulist\u00e3o: Corinthians enfrenta o Novorizontino sob nova dire\u00e7\u00e3o e com Sheik de volta","link":"https:\/\/www.futebolinterior.com.br\/paulistao-corinthians-enfrenta-o-novorizontino-sob-nova-direcao-e-com-sheik-de-volta\/","chapeu":"MUDAN\u00c7AS","data":"04\/02\/2018","imagem":"https:\/\/images.futebolinterior.com.br\/2021\/04\/0002050292756_img-300x283.jpg","resumo":"O Tim\u00e3o ainda tem tr\u00eas vagas em aberto no campeonato: para o zagueiro Henrique, um atacante e mais um eventual refor\u00e7o"},"419906":{"titulo":"Paulist\u00e3o: Dorival admite preocupa\u00e7\u00e3o com desempenho do S\u00e3o Paulo e culpa calend\u00e1rio","link":"https:\/\/www.futebolinterior.com.br\/paulistao-dorival-admite-preocupacao-com-desempenho-do-sao-paulo-e-culpa-calendario\/","chapeu":"CORRIDO","data":"04\/02\/2018","imagem":"https:\/\/images.futebolinterior.com.br\/2021\/04\/0002050292750_img-300x193.jpg","resumo":"\"\u00c9 imposs\u00edvel cobrar dos jogadores algo al\u00e9m (do que vem sendo apresentado). Isso sobrecarrega a equipe\", disse"},"419920":{"titulo":"Paulist\u00e3o: Cl\u00e1ssico Palmeiras x Santos serve para 'batizar' Roger Machado e Jair Ventura","link":"https:\/\/www.futebolinterior.com.br\/paulistao-classico-palmeiras-x-santos-serve-para-batizar-roger-machado-e-jair-ventura\/","chapeu":"GRANDE TESTE","data":"04\/02\/2018","imagem":"https:\/\/images.futebolinterior.com.br\/2021\/04\/0002050292743_img-300x178.jpg","resumo":"Para o Verd\u00e3o, \u00e9 a chance de comprovar que os 100% de aproveitamento n\u00e3o foram fruto da poss\u00edvel fragilidade dos times do interior"},"419926":{"titulo":"Veja imagens de Andr\u00e9s Sanchez, eleito no Corinthians, fugindo do Parque S\u00e3o Jorge","link":"https:\/\/www.futebolinterior.com.br\/veja-imagens-de-andres-sanchez-eleito-no-corinthians-fugindo-do-parque-sao-jorge\/","chapeu":"QUE PAT\u00c9TICO !","data":"04\/02\/2018","imagem":0,"resumo":"Presidente Andr\u00e9s Sanchez se escondeu num banheiro de meninas e para evitar o pior saiu na espreita para n\u00e3o apanhar"},"419928":{"titulo":"Paulist\u00e3o: O campe\u00e3o F\u00e1bio Carille relembra os tempos dif\u00edceis vividos no Interior","link":"https:\/\/www.futebolinterior.com.br\/paulistao-o-campeao-fabio-carille-relembra-os-tempos-dificeis-vividos-no-interior\/","chapeu":"BOAS LEMBRAN\u00c7AS","data":"04\/02\/2018","imagem":"https:\/\/images.futebolinterior.com.br\/2021\/04\/0002050292738_img-300x217.jpg","resumo":"Entrevista especial cedida para Oscar Silva, experiente jornalista do Portal Futebol Interior, antes do jogo em Novo Horizonte"}}