{"418663":{"titulo":"Paulist\u00e3o: Eduardo Baptista esconde Ponte Preta para jogo contra o Novorizontino","link":"https:\/\/www.futebolinterior.com.br\/paulistao-eduardo-baptista-esconde-ponte-preta-para-jogo-contra-o-novorizontino\/","chapeu":"MIST\u00c9RIO","data":"08\/02\/2018","imagem":"https:\/\/images.futebolinterior.com.br\/2021\/04\/0002050293884_img-300x169.jpg","resumo":"O problema \u00e9 o volante Marciel, que est\u00e1 suspenso por tr\u00eas cart\u00f5es amarelos e pode ser substitu\u00eddo por Marquinhos"},"418677":{"titulo":"Paulist\u00e3o: Botafogo-SP apresenta meia Caf\u00fa e atacante Caio Dantas","link":"https:\/\/www.futebolinterior.com.br\/paulistao-botafogo-sp-apresenta-meia-cafu-e-atacante-caio-dantas\/","chapeu":"REFOR\u00c7OS","data":"08\/02\/2018","imagem":"https:\/\/images.futebolinterior.com.br\/2021\/04\/0002050293868_img-300x200.jpg","resumo":"Os jogadores foram apresentado no Santa Cruz, nesta quinta-feira e j\u00e1 ficam \u00e0 disposi\u00e7\u00e3o do t\u00e9cnico L\u00e9o Cond\u00e9"},"418693":{"titulo":"Paulist\u00e3o: Atacante do Red Bull est\u00e1 pr\u00f3ximo do retorno e celebra: 'Estou sem dores'","link":"https:\/\/www.futebolinterior.com.br\/paulistao-atacante-do-red-bull-esta-proximo-do-retorno-e-celebra-estou-sem-dores\/","chapeu":"DE VOLTA!","data":"08\/02\/2018","imagem":"https:\/\/images.futebolinterior.com.br\/2021\/04\/0002050293858_img-300x200.jpg","resumo":"Toro Loko busca uma classifica\u00e7\u00e3o no Grupo D, que tem tamb\u00e9m Santos (1\u00ba), Botafogo-SP (2\u00ba) e Mirassol (4\u00ba)"},"418721":{"titulo":"Paulist\u00e3o: Mudan\u00e7a no calend\u00e1rio do S\u00e3o Paulo tira Rodrigo Caio de cl\u00e1ssico com o Santos","link":"https:\/\/www.futebolinterior.com.br\/paulistao-mudanca-no-calendario-do-sao-paulo-tira-rodrigo-caio-de-classico-com-o-santos\/","chapeu":"FORA!","data":"08\/02\/2018","imagem":"https:\/\/images.futebolinterior.com.br\/2021\/04\/0002050293855_img-300x193.jpg","resumo":"Confronto foi adiado e zagueiro levou terceiro cart\u00e3o amarelo no jogo contra o Bragantino, portanto, fica fora do duelo"},"418738":{"titulo":"PAULIST\u00c3O: No in\u00edcio da nova 'Era Andr\u00e9s', Corinthians busca 5\u00aa vit\u00f3ria no estadual","link":"https:\/\/www.futebolinterior.com.br\/paulistao-no-inicio-da-nova-era-andres-corinthians-busca-5a-vitoria-no-estadual\/","chapeu":"PARA O CHEFE?","data":"08\/02\/2018","imagem":"https:\/\/images.futebolinterior.com.br\/2021\/04\/0002050293834_img-300x198.jpg","resumo":"Equipe de F\u00e1bio Carille visita o Santo Andr\u00e9; Pelo grupo do Palmeiras, o S\u00e3o Bento tenta se perpetuar na 2\u00aa posi\u00e7\u00e3o contra o Linense "},"418729":{"titulo":"Metade dos ingressos do Futebol Sustent\u00e1vel para Ponte x Novorizontino s\u00e3o esgotados","link":"https:\/\/www.futebolinterior.com.br\/metade-dos-ingressos-do-futebol-sustentavel-para-ponte-x-novorizontino-sao-esgotados\/","chapeu":"VAI LOTAR !","data":"08\/02\/2018","imagem":"https:\/\/images.futebolinterior.com.br\/2021\/04\/0002050293956_img-241x300.jpg","resumo":"Metade da carga de tr\u00eas mil ingressos para o jogo entre Ponte Preta e Novorizontino est\u00e1 trocada"},"418742":{"titulo":"Ponte Preta e mais nove do interior s\u00e3o premiados na categoria ouro em Programa da FPF","link":"https:\/\/www.futebolinterior.com.br\/ponte-preta-e-mais-nove-do-interior-sao-premiados-na-categoria-ouro-em-programa-da-fpf\/","chapeu":"EXCEL\u00caNCIA","data":"08\/02\/2018","imagem":"https:\/\/images.futebolinterior.com.br\/2021\/04\/0002050293812_img-300x225.jpg","resumo":"No ano de 2016, quando ocorreu a primeira edi\u00e7\u00e3o do programa, n\u00e3o houve nenhum premiado na categoria m\u00e1xima"},"418754":{"titulo":"Santo Andr\u00e9 x Corinthians - A fa\u00e7anha do ano passado vai se repetir?","link":"https:\/\/www.futebolinterior.com.br\/santo-andre-x-corinthians-a-facanha-do-ano-passado-vai-se-repetir\/","chapeu":"E AGORA?","data":"08\/02\/2018","imagem":"https:\/\/images.futebolinterior.com.br\/2021\/04\/0002050293791_img-300x200.jpg","resumo":"Na ocasi\u00e3o, em pleno Itaquer\u00e3o, o Ramalh\u00e3o bateu o rival desta sexta-feira por 2 a 0"},"418806":{"titulo":"S\u00e3o Bento x Linense - Bent\u00e3o pode acabar com fantasma do rebaixamento","link":"https:\/\/www.futebolinterior.com.br\/sao-bento-x-linense-bentao-pode-acabar-com-fantasma-do-rebaixamento\/","chapeu":"MAS J\u00c1?","data":"08\/02\/2018","imagem":"https:\/\/images.futebolinterior.com.br\/2021\/04\/0002050293761_img-300x198.jpg","resumo":"O S\u00e3o Bento pode alcan\u00e7ar nesta sexta-feira seu primeiro objetivo na temporada: n\u00e3o brigar pelo rebaixamento no Campeonato Paulista da S\u00e9rie A1"},"418774":{"titulo":"Paulist\u00e3o: Gustavo Henrique e Vitor Bueno s\u00e3o inscritos pelo Santos no Paulist\u00e3o","link":"https:\/\/www.futebolinterior.com.br\/paulistao-gustavo-henrique-e-vitor-bueno-sao-inscritos-pelo-santos-no-paulistao\/","chapeu":"SAUDADES?","data":"08\/02\/2018","imagem":"https:\/\/images.futebolinterior.com.br\/2021\/04\/0002050293798_img-300x170.jpg","resumo":"Os dois jogadores voltaram de les\u00e3o e devem ficar no banco de reservas do Alvinegro Praiano, no jogo contra a Ferrovi\u00e1ria"}}