{"587890":{"titulo":"Paulist\u00e3o: Mogi leva vantagem em encontros com a Ferrovi\u00e1ria","link":"https:\/\/www.futebolinterior.com.br\/paulistao-mogi-leva-vantagem-em-encontros-com-a-ferroviaria\/","chapeu":"POSITIVO!","data":"02\/02\/2016","imagem":"https:\/\/images.futebolinterior.com.br\/2021\/04\/0002050140342_img-300x144.jpg","resumo":"Na contabilidade, o Sap\u00e3o venceu seis partidas enquanto a Locomotiva ficou com quatro resultados positivos."},"587892":{"titulo":"R\u00e1dio Cidade de Itu transmite jogo do Paulist\u00e3o nesta quarta-feira","link":"https:\/\/www.futebolinterior.com.br\/radio-cidade-de-itu-transmite-jogo-do-paulistao-nesta-quarta-feira\/","chapeu":"SINTONIZE!","data":"02\/02\/2016","imagem":"https:\/\/images.futebolinterior.com.br\/2021\/04\/0002050140340_img-300x300.jpg","resumo":"R\u00e1dio Cidade de Itu transmite jogo do Paulist\u00e3o nesta quarta-feira"},"587909":{"titulo":"Paulist\u00e3o: Desfalque da Ponte, Wellington Paulista pede desculpa \u00e0 torcida","link":"https:\/\/www.futebolinterior.com.br\/paulistao-desfalque-da-ponte-wellington-paulista-pede-desculpa-a-torcida\/","chapeu":"FOI MAL!","data":"02\/02\/2016","imagem":"https:\/\/images.futebolinterior.com.br\/2021\/04\/0002050140333_img-300x153.jpg","resumo":"O jogador foi expulso na estreia da Macaca no estadual,quando o time foi derrotado pelo Oeste por 3 a 1."},"587913":{"titulo":"IMPRENSA: Aceesp prorroga validade de credencial para o Paulist\u00e3o","link":"https:\/\/www.futebolinterior.com.br\/imprensa-aceesp-prorroga-validade-de-credencial-para-o-paulistao\/","chapeu":"MAIS TEMPO","data":"02\/02\/2016","imagem":"https:\/\/images.futebolinterior.com.br\/2021\/04\/0002050140329_img-300x128.jpg","resumo":"A Aceesp, divulgou nesta ter\u00e7a-feira prorrogando o prazo de validade da credencial de 2015, que est\u00e1 sendo utilizada neste in\u00edcio de Paulist\u00e3o. A nova data foi confirmada at\u00e9 15\/02"},"587934":{"titulo":"Paulist\u00e3o: S\u00e3o Paulo encaminha acerto com o atacante Kelvin, ex-Palmeiras","link":"https:\/\/www.futebolinterior.com.br\/paulistao-sao-paulo-encaminha-acerto-com-o-atacante-kelvin-ex-palmeiras\/","chapeu":"PULOU!","data":"02\/02\/2016","imagem":"https:\/\/images.futebolinterior.com.br\/2021\/04\/0002050140303_img-233x300.jpg","resumo":"Emprestado pelo porto ao Verd\u00e3o no in\u00edcio de 2015, o jogador n\u00e3o convenceu no palmeiras e em 23 partidas marcou apenas um gol."},"587945":{"titulo":"Paulist\u00e3o: Calleri se inspira em Amoroso e Luiz\u00e3o para fazer boa Libertadores no S\u00e3o Paulo","link":"https:\/\/www.futebolinterior.com.br\/paulistao-calleri-se-inspira-em-amoroso-e-luizao-para-fazer-boa-libertadores-no-sao-paulo\/","chapeu":"REFER\u00caNCIAS!","data":"02\/02\/2016","imagem":"https:\/\/images.futebolinterior.com.br\/2021\/04\/0002050140302_img-300x193.jpg","resumo":"Assim como o argentino, os dois atacantes brasileiros firmaram contratos de curto prazo com o tricolor e renderam na competi\u00e7\u00e3o."},"587951":{"titulo":"Paulist\u00e3o: Zagueiro paraguaio Balbuena pode assinar com o Corinthians nesta ter\u00e7a-feira","link":"https:\/\/www.futebolinterior.com.br\/paulistao-zagueiro-paraguaio-balbuena-pode-assinar-com-o-corinthians-nesta-terca-feira\/","chapeu":"PAR\u00c7A DO ROMERO","data":"02\/02\/2016","imagem":"https:\/\/images.futebolinterior.com.br\/2021\/04\/0002050140299_img-300x200.jpg","resumo":"O jogador deve chegar com a responsabilidade de substituir Gil, negociado com o Shandong Luneng, da China."},"587963":{"titulo":"Definida arbitragem para segunda rodada do Paulist\u00e3o, S\u00e9rie A2 e A3","link":"https:\/\/www.futebolinterior.com.br\/definida-arbitragem-para-segunda-rodada-do-paulistao-serie-a2-e-a3\/","chapeu":"HOMENS DE PRETO","data":"01\/02\/2016","imagem":"https:\/\/images.futebolinterior.com.br\/2021\/04\/0002050140292_img-300x193.jpg","resumo":"As partidas ser\u00e3o disputadas \u00e0 partir desta ter\u00e7a-feira e as rodadas s\u00f3 terminam na quinta"},"587970":{"titulo":"Santos negocia Caio, joia da base, com o Atl\u00e9tico de Madrid","link":"https:\/\/www.futebolinterior.com.br\/santos-negocia-caio-joia-da-base-com-o-atletico-de-madrid\/","chapeu":"SE FOI!","data":"01\/02\/2016","imagem":"https:\/\/images.futebolinterior.com.br\/2021\/04\/0002050140286_img-300x193.png","resumo":"Apesar de atuar como volante, o jogador vestia a lend\u00e1ria camisa 10 do Peixe na Copa S\u00e3o Paulo de Futebol J\u00fanior"},"587987":{"titulo":"Com t\u00e9cnico do Rio Claro, Camarote comenta as dificuldades de montar uma equipe competiva","link":"https:\/\/www.futebolinterior.com.br\/com-tecnico-do-rio-claro-camarote-comenta-as-dificuldades-de-montar-uma-equipe-competiva\/","chapeu":"S\u00d3 FERAS!","data":"01\/02\/2016","imagem":"https:\/\/images.futebolinterior.com.br\/2021\/04\/0002050140270_img-300x225.jpg","resumo":"Outros assuntos do mundo do esporte tamb\u00e9m foram comentados durante o programa"}}