{"585867":{"titulo":"Paulist\u00e3o: \u00c1gua Santa mant\u00e9m mesmo time: \"nossa briga \u00e9 com os pequenos\"","link":"https:\/\/www.futebolinterior.com.br\/paulistao-agua-santa-mantem-mesmo-time-nossa-briga-e-com-os-pequenos\/","chapeu":"FOCO","data":"10\/02\/2016","imagem":"https:\/\/images.futebolinterior.com.br\/2021\/04\/0002050142011_img-300x233.jpg","resumo":"Com o sonho de uma vaga na pr\u00f3xima fase do Paulist\u00e3o Itaipava, o \u00c1gua Santa enfrenta nesta quinta-feira, \u00e0s 19 horas, o XV de Piracicaba fora de seus dom\u00ednios"},"585872":{"titulo":"Paulist\u00e3o: Botafogo jamais perdeu para o S\u00e3o Bernardo jogando no Santa Cruz","link":"https:\/\/www.futebolinterior.com.br\/paulistao-botafogo-jamais-perdeu-para-o-sao-bernardo-jogando-no-santa-cruz\/","chapeu":"TABU!","data":"10\/02\/2016","imagem":"https:\/\/images.futebolinterior.com.br\/2021\/04\/0002050142006_img-300x200.jpg","resumo":"Botafogo e S\u00e3o Bernardo se enfrentam nesta quinta-feira, \u00e0s 18h30, no est\u00e1dio Santa Cruz, em Ribeir\u00e3o Preto, pela terceira rodada do Campeonato Paulista"},"585881":{"titulo":"Paulist\u00e3o: S\u00e3o Bernardo vive a expectativa de atacante, mas n\u00e3o deve mudar","link":"https:\/\/www.futebolinterior.com.br\/paulistao-sao-bernardo-vive-a-expectativa-de-atacante-mas-nao-deve-mudar\/","chapeu":"ANSIEDADE","data":"10\/02\/2016","imagem":"https:\/\/images.futebolinterior.com.br\/2021\/04\/0002050142000_img-300x200.jpg","resumo":"Brigando pela lideran\u00e7a do Grupo B com o Palmeiras, o S\u00e3o Bernardo ter\u00e1 um importante advers\u00e1rio nesta quinta-feira"},"585886":{"titulo":"Paulist\u00e3o: Sem op\u00e7\u00e3o, Diego Pituca deve ganhar a titularidade no Botafogo","link":"https:\/\/www.futebolinterior.com.br\/paulistao-sem-opcao-diego-pituca-deve-ganhar-a-titularidade-no-botafogo\/","chapeu":"MUDAN\u00c7AS","data":"10\/02\/2016","imagem":"https:\/\/images.futebolinterior.com.br\/2021\/04\/0002050141995_img-300x200.jpg","resumo":"Em busca da primeira vit\u00f3ria para se recuperar no Paulist\u00e3o Itaipava, o Botafogo recebe o S\u00e3o Bernardo no est\u00e1dio Santa Cruz, em Ribeir\u00e3o Preto"},"585908":{"titulo":"Paulist\u00e3o: Ferrovi\u00e1ria n\u00e3o perde em casa para o Rio Claro desde 2003","link":"https:\/\/www.futebolinterior.com.br\/paulistao-ferroviaria-nao-perde-em-casa-para-o-rio-claro-desde-2003\/","chapeu":"VANTAGEM","data":"10\/02\/2016","imagem":"https:\/\/images.futebolinterior.com.br\/2021\/04\/0002050141974_img-300x225.png","resumo":"Ferrovi\u00e1ria e Rio Claro jogam nesta quarta-feira de cinzas, \u00e0s 21h45, na Arena Fonte Luminosa, em Araraquara, pela terceira rodada do Campeonato Paulista"},"585912":{"titulo":"Paulist\u00e3o: Mogi Mirim nunca perdeu para o XV de Piracicaba no \u201cVail Chaves\u201d","link":"https:\/\/www.futebolinterior.com.br\/paulistao-mogi-mirim-nunca-perdeu-para-o-xv-de-piracicaba-no-vail-chaves\/","chapeu":"INVENCIBILIDADE","data":"10\/02\/2016","imagem":"https:\/\/images.futebolinterior.com.br\/2021\/04\/0002050141973_img-300x196.jpg","resumo":"Das nove partidas realizadas em Mogi, o Sap\u00e3o venceu cinco e empatou outras quatro"},"585923":{"titulo":"Paulist\u00e3o: Audax recebe o Red Bull em busca da lideran\u00e7a do Grupo C","link":"https:\/\/www.futebolinterior.com.br\/paulistao-audax-recebe-o-red-bull-em-busca-da-lideranca-do-grupo-c\/","chapeu":"D\u00c9RBI?","data":"10\/02\/2016","imagem":"https:\/\/images.futebolinterior.com.br\/2021\/04\/0002050141965_img-300x200.jpg","resumo":"O duelo entre Osasco Audax e Red Bull j\u00e1 virou d\u00e9rbi"},"585930":{"titulo":"PARAB\u00c9NS! Quarta-feira marca o Dia do Atleta Profissional no Brasil","link":"https:\/\/www.futebolinterior.com.br\/parabens-quarta-feira-marca-o-dia-do-atleta-profissional-no-brasil\/","chapeu":"\u00c9 HOJE","data":"10\/02\/2016","imagem":"https:\/\/images.futebolinterior.com.br\/2021\/04\/0002050141962_img-300x169.jpg","resumo":"Al\u00e9m de feriado religioso, a quarta-feira tamb\u00e9m marca o Dia do Atleta Profissional"},"585956":{"titulo":"Paulist\u00e3o: Ap\u00f3s derrotas, a palavra de ordem no Mogi Mirim \u00e9 reabilita\u00e7\u00e3o","link":"https:\/\/www.futebolinterior.com.br\/paulistao-apos-derrotas-a-palavra-de-ordem-no-mogi-mirim-e-reabilitacao\/","chapeu":"PRA CIMA","data":"10\/02\/2016","imagem":"https:\/\/images.futebolinterior.com.br\/2021\/04\/0002050141945_img-300x225.jpg","resumo":"O mau in\u00edcio de temporada no Campeonato Paulista da S\u00e9rie A1 desagrada a todos no Mogi Mirim: dirigentes, t\u00e9cnico e comiss\u00e3o t\u00e9cnica, al\u00e9m dos pr\u00f3prios jogadores"},"585958":{"titulo":"Completando 20 anos, Teixeir\u00e3o est\u00e1 totalmente abandonado e deteriorado","link":"https:\/\/www.futebolinterior.com.br\/completando-20-anos-teixeirao-esta-totalmente-abandonado-e-deteriorado\/","chapeu":"M\u00c1S CONDI\u00c7\u00d5ES!","data":"10\/02\/2016","imagem":"https:\/\/images.futebolinterior.com.br\/2021\/04\/0002050141944_img-300x171.jpg","resumo":"H\u00e1 exatamente a 20 anos, era inaugurado o novo est\u00e1dio do Am\u00e9rica, o Est\u00e1dio Benedito Teixeira, o Teixeir\u00e3o, com capacidade para 32.426 lugares"}}