{"583830":{"titulo":"Paulist\u00e3o: Botafogo se reapresenta e abre mais uma semana de treinos","link":"https:\/\/www.futebolinterior.com.br\/paulistao-botafogo-se-reapresenta-e-abre-mais-uma-semana-de-treinos\/","chapeu":"FOCO","data":"17\/02\/2016","imagem":"https:\/\/images.futebolinterior.com.br\/2021\/04\/0002050144022_img-300x200.jpg","resumo":"O elenco do Botafogo se reapresentou na \u00faltima ter\u00e7a-feira e teve o trabalho focado na prepara\u00e7\u00e3o f\u00edsica e recupera\u00e7\u00e3o dos desgastes causados"},"583834":{"titulo":"Paulist\u00e3o: 'Camisa 10' faz exames e Ponte Preta deve mexer no time titular","link":"https:\/\/www.futebolinterior.com.br\/paulistao-camisa-10-faz-exames-e-ponte-preta-deve-mexer-no-time-titular\/","chapeu":"CHEGOU","data":"17\/02\/2016","imagem":"https:\/\/images.futebolinterior.com.br\/2021\/04\/0002050144018_img-300x153.jpg","resumo":"O meia Felipe Menezes \u00e9 oficialmente o novo refor\u00e7o da Ponte Preta at\u00e9 o final da temporada"},"583844":{"titulo":"Paulist\u00e3o: Em alta, Fernando Gabriel comenta a boa fase da Ferrovi\u00e1ria","link":"https:\/\/www.futebolinterior.com.br\/paulistao-em-alta-fernando-gabriel-comenta-a-boa-fase-da-ferroviaria\/","chapeu":"SUBINDO","data":"17\/02\/2016","imagem":"https:\/\/images.futebolinterior.com.br\/2021\/04\/0002050144013_img-300x225.jpg","resumo":"Sem perder pontos desde a primeira rodada, a Ferrovi\u00e1ria ostenta uma sequ\u00eancia de tr\u00eas vit\u00f3rias seguidas no Paulist\u00e3o"},"583850":{"titulo":"Paulist\u00e3o: Vice-presidente do Botafogo garante chegada de mais 3 refor\u00e7os","link":"https:\/\/www.futebolinterior.com.br\/paulistao-vice-presidente-do-botafogo-garante-chegada-de-mais-3-reforcos\/","chapeu":"NO MERCADO","data":"17\/02\/2016","imagem":"https:\/\/images.futebolinterior.com.br\/2021\/04\/0002050143991_img-300x200.jpg","resumo":"Mais tr\u00eas jogadores dever\u00e3o ser anunciados pela diretoria do Botafogo nos pr\u00f3ximos dias para refor\u00e7ar o elenco que est\u00e1 disputando o Campeonato Paulista"},"583877":{"titulo":"Paulist\u00e3o: Rec\u00e9m chegado, goleiro da Ponte ficar\u00e1 2 semanas afastado","link":"https:\/\/www.futebolinterior.com.br\/paulistao-recem-chegado-goleiro-da-ponte-ficara-2-semanas-afastado\/","chapeu":"FORA","data":"17\/02\/2016","imagem":"https:\/\/images.futebolinterior.com.br\/2021\/04\/0002050143959_img-300x152.jpg","resumo":"Parece que a bruxa ta realmente solta na Ponte Preta"},"583889":{"titulo":"Paulist\u00e3o: Ponte acaba punida pela 'confus\u00e3o' com o Santos no Majestoso","link":"https:\/\/www.futebolinterior.com.br\/paulistao-ponte-acaba-punida-pela-confusao-com-o-santos-no-majestoso\/","chapeu":"PASSOU","data":"17\/02\/2016","imagem":"https:\/\/images.futebolinterior.com.br\/2021\/04\/0002050143951_img-300x210.jpg","resumo":"Em raz\u00e3o dos problemas no vesti\u00e1rio do est\u00e1dio Mois\u00e9s Lucarelli na partida com o Santos na 2\u00aa rodada do Paulist\u00e3o, a Ponte Preta foi punida pela Federa\u00e7\u00e3o Paulista de Futebol"},"583884":{"titulo":"R\u00e1dio FI e Jovem Pan News transmitem duelo do Paulist\u00e3o","link":"https:\/\/www.futebolinterior.com.br\/radio-fi-e-jovem-pan-news-transmitem-duelo-do-paulistao\/","chapeu":"OU\u00c7A R\u00c1DIO FI!","data":"17\/02\/2016","imagem":"https:\/\/images.futebolinterior.com.br\/2021\/04\/0002050143950_img-300x225.jpg","resumo":"R\u00e1dio FI e Jovem Pan News transmitem duelo do Paulist\u00e3o\r\n"},"583918":{"titulo":"Com novidade, FPF divulga diretrizes da Copa Paulista","link":"https:\/\/www.futebolinterior.com.br\/com-novidade-fpf-divulga-diretrizes-da-copa-paulista\/","chapeu":"AGORA PODE!","data":"17\/02\/2016","imagem":"https:\/\/images.futebolinterior.com.br\/2021\/04\/0002050143890_img-300x198.jpg","resumo":"Agora, times paulistas que disputam competi\u00e7\u00f5es nacionais tamb\u00e9m poder\u00e3o participar do torneio estadual."},"583933":{"titulo":"Ponte Preta \u2018seca\u2019 o Fluminense para anunciar novo treinador","link":"https:\/\/www.futebolinterior.com.br\/ponte-preta-seca-o-fluminense-para-anunciar-novo-treinador\/","chapeu":"ESPERANDO","data":"17\/02\/2016","imagem":"https:\/\/images.futebolinterior.com.br\/2021\/04\/0002050143881_img-300x180.jpg","resumo":"Eduardo Baptista \u00e9 a primeira op\u00e7\u00e3o dos pontepretanos para substituir Vinicius Eutr\u00f3pio"},"583972":{"titulo":"Prass nega problema de relacionamento entre jogadores e t\u00e9cnico no Palmeiras","link":"https:\/\/www.futebolinterior.com.br\/prass-nega-problema-de-relacionamento-entre-jogadores-e-tecnico-no-palmeiras\/","chapeu":"NA PAZ?","data":"17\/02\/2016","imagem":"https:\/\/images.futebolinterior.com.br\/2021\/04\/0002050143859_img-300x200.jpg","resumo":"Sem conseguir boas apresenta\u00e7\u00f5es na temporada, rumores sobre um poss\u00edvel desentendimento foram levantados nos bastidores."}}