{"651656":{"titulo":"Agente confirma renova\u00e7\u00e3o de artilheiro com o Santos","link":"https:\/\/www.futebolinterior.com.br\/agente-confirma-renovacao-de-artilheiro-com-o-santos\/","chapeu":"FIM DA NOVELA?","data":"01\/05\/2015","imagem":"https:\/\/images.futebolinterior.com.br\/2021\/04\/0002050075991_img-300x169.jpg","resumo":"O jogador deve assinar contrato com o Peixe nesta sexta-feira"},"651664":{"titulo":"Palmeiras desiste de realizar Fan Fest na decis\u00e3o do Paulista","link":"https:\/\/www.futebolinterior.com.br\/palmeiras-desiste-de-realizar-fan-fest-na-decisao-do-paulista\/","chapeu":"MEDO?","data":"01\/05\/2015","imagem":"https:\/\/images.futebolinterior.com.br\/2021\/04\/0002050075987_img-300x169.jpg","resumo":"A diretoria ainda estuda a possibilidade de fazer algum evento em outro local, mas a falta de tempo dificulta o acerto"},"651689":{"titulo":"Com Robinho, Santos treina completo para partida decisiva na Vila Belmiro","link":"https:\/\/www.futebolinterior.com.br\/com-robinho-santos-treina-completo-para-partida-decisiva-na-vila-belmiro\/","chapeu":"VAI COM TUDO!","data":"30\/04\/2015","imagem":"https:\/\/images.futebolinterior.com.br\/2021\/04\/0002050075956_img-300x157.jpg","resumo":"O Peixe faz a decis\u00e3o do Paulist\u00e3o neste domingo diante do Palmeiras"},"651713":{"titulo":"Santos usa a Vila Belmiro para ser campe\u00e3o paulista contra o Palmeiras","link":"https:\/\/www.futebolinterior.com.br\/santos-usa-a-vila-belmiro-para-ser-campeao-paulista-contra-o-palmeiras\/","chapeu":"OPINI\u00c3O","data":"30\/04\/2015","imagem":"https:\/\/images.futebolinterior.com.br\/2021\/04\/0002050075908_img-275x300.jpg","resumo":"Os n\u00fameros provam mesmo que o Santos em seu est\u00e1dio \u00e9 quase imbat\u00edvel. Tanto que durante o campeonato n\u00e3o perdeu na Vila e, nos cl\u00e1ssicos que tem disputado ali, geralmente vence."},"651725":{"titulo":"Paulist\u00e3o: Leandro Pereira sobre funk do Santos: 'S\u00f3 n\u00e3o v\u00e3o chorar depois do apito'","link":"https:\/\/www.futebolinterior.com.br\/paulistao-leandro-pereira-sobre-funk-do-santos-so-nao-vao-chorar-depois-do-apito\/","chapeu":"RESPOSTA ALVIVERDE!","data":"30\/04\/2015","imagem":"https:\/\/images.futebolinterior.com.br\/2021\/04\/0002050075898_img-300x169.jpg","resumo":" O v\u00eddeo em que os atacantes Robinho e Gabriel e o volante Alison, do Santos, aparecem cantando um funk onde dizem que v\u00e3o \"detonar\" o Palmeiras no domingo, na decis\u00e3o do Paulist\u00e3o"},"651783":{"titulo":"Guilherme Ceretta apitar\u00e1 Santos x Palmeiras ap\u00f3s arbitragem pol\u00eamica no 1\u00ba jogo","link":"https:\/\/www.futebolinterior.com.br\/guilherme-ceretta-apitara-santos-x-palmeiras-apos-arbitragem-polemica-no-1o-jogo\/","chapeu":"HOMEM DO APITO!","data":"30\/04\/2015","imagem":"https:\/\/images.futebolinterior.com.br\/2021\/04\/0002050075871_img-300x225.jpg","resumo":"Guilherme Ceretta de Lima foi definido como o \u00e1rbitro para a decis\u00e3o do Campeonato Paulista entre Santos e Palmeiras, na Vila Belmiro."},"651771":{"titulo":"Da Lupa \u00e9 expulso do Conselho da Portuguesa por culpa no Caso Hev\u00e9rton","link":"https:\/\/www.futebolinterior.com.br\/da-lupa-e-expulso-do-conselho-da-portuguesa-por-culpa-no-caso-heverton\/","chapeu":"COMPLICOU DE VEZ","data":"30\/04\/2015","imagem":"https:\/\/images.futebolinterior.com.br\/2021\/04\/0002050075873_img-300x200.jpg","resumo":" Presidente da Portuguesa durante oito anos, Manuel da Lupa foi expulso do Conselho Deliberativo do clube."},"651797":{"titulo":"Santos fica pr\u00f3ximo de anunciar volante Ricardinho, do \"falido\" Paran\u00e1","link":"https:\/\/www.futebolinterior.com.br\/santos-fica-proximo-de-anunciar-volante-ricardinho-do-falido-parana\/","chapeu":"NO PEIX\u00c3O","data":"30\/04\/2015","imagem":"https:\/\/images.futebolinterior.com.br\/2021\/04\/0002050075830_img-300x217.jpg","resumo":"O jogador n\u00e3o quer permanecer no Paran\u00e1, tanto que dever\u00e1 ser vendido para um grupo de empres\u00e1rios"},"651813":{"titulo":"Santos fecha patroc\u00ednio com Joli e Rafarillo para a final do Paulist\u00e3o","link":"https:\/\/www.futebolinterior.com.br\/santos-fecha-patrocinio-com-joli-e-rafarillo-para-a-final-do-paulistao\/","chapeu":"DIN-DIN","data":"30\/04\/2015","imagem":"https:\/\/images.futebolinterior.com.br\/2021\/04\/0002050075818_img.jpg","resumo":"Partida est\u00e1 com todos os ingressos vendidos e ser\u00e1 realizada na Vila Belmiro"},"651850":{"titulo":"Paulist\u00e3o: Palmeiras e Santos dominam sele\u00e7\u00e3o e Ricardo Oliveira \u00e9 o craque. Confira!","link":"https:\/\/www.futebolinterior.com.br\/paulistao-palmeiras-e-santos-dominam-selecao-e-ricardo-oliveira-e-o-craque-confira\/","chapeu":"OS FERAS!","data":"30\/04\/2015","imagem":"https:\/\/images.futebolinterior.com.br\/2021\/04\/0002050075796_img-300x163.jpg","resumo":"Os finalistas Palmeiras e Santos dominaram a sele\u00e7\u00e3o do Campeonato Paulista 2015, divulgada pela Federa\u00e7\u00e3o Paulista de Futebol (FPF) nesta quinta-feira. O time ideal tem apenas doi"}}