{"690849":{"titulo":"Dirigente do Capivariano confirma retorno do goleiro Douglas para o Paulist\u00e3o","link":"https:\/\/www.futebolinterior.com.br\/dirigente-do-capivariano-confirma-retorno-do-goleiro-douglas-para-o-paulistao\/","chapeu":"DE VOLTA!","data":"30\/10\/2014","imagem":"https:\/\/images.futebolinterior.com.br\/2021\/04\/0002050039620_img-300x199.jpg","resumo":"O primeiro refor\u00e7o do Capivariano para o Paulist\u00e3o \u00e9 o goleiro Douglas, que jogou a S\u00e9rie D pelo Caxias e voltou de empr\u00e9stimo ao Le\u00e3o."},"690887":{"titulo":"Fifa lan\u00e7a campanha contra manipula\u00e7\u00e3o de resultados","link":"https:\/\/www.futebolinterior.com.br\/fifa-lanca-campanha-contra-manipulacao-de-resultados\/","chapeu":"AGORA VAI?","data":"30\/10\/2014","imagem":"https:\/\/images.futebolinterior.com.br\/2021\/04\/0002050039595_img-300x200.jpg","resumo":"Em parceria com o FIFPro, o sindicato dos jogadores, e a Interpol, a Fifa lan\u00e7ou nesta quinta-feira uma campanha para combater a manipula\u00e7\u00e3o de resultados no futebol. "},"690915":{"titulo":"Arena Capivari est\u00e1 quase pronta para o ca\u00e7ula Capivariano receber at\u00e9 15 mil torcedores no Paulist\u00e3o","link":"https:\/\/www.futebolinterior.com.br\/arena-capivari-esta-quase-pronta-para-o-cacula-capivariano-receber-ate-15-mil-torcedores-no-paulistao\/","chapeu":"QUASE PRONTA","data":"30\/10\/2014","imagem":"https:\/\/images.futebolinterior.com.br\/2021\/04\/0002050039562_img-300x243.jpg","resumo":"O Campeonato Paulista Chevrolet vai come\u00e7ar s\u00f3 em fevereiro, mas para o Capivariano Futebol Clube, um dos quatro ca\u00e7ulas da competi\u00e7\u00e3o, a disputa j\u00e1 come\u00e7ou h\u00e1 v\u00e1rios meses"},"690947":{"titulo":"Em forma, Carol Portaluppi ofusca Renato Ga\u00facho na praia de Ipanema","link":"https:\/\/www.futebolinterior.com.br\/em-forma-carol-portaluppi-ofusca-renato-gaucho-na-praia-de-ipanema\/","chapeu":"MEU DEUS!","data":"29\/10\/2014","imagem":"https:\/\/images.futebolinterior.com.br\/2021\/04\/0002050039453_img-300x225.jpg","resumo":"De biqu\u00edni e sainha, a musa abusou da sensualidade e aproveitou para pegar uma corzinha"},"690973":{"titulo":"Lorena Bueri, ex-affair de Lucas, da Sele\u00e7\u00e3o, nega romance com Del Nero: \u201cmais velho que meu av\u00f4\u201d","link":"https:\/\/www.futebolinterior.com.br\/lorena-bueri-ex-affair-de-lucas-da-selecao-nega-romance-com-del-nero-mais-velho-que-meu-avo\/","chapeu":"A PIPA DO VOV\u00d4...","data":"29\/10\/2014","imagem":"https:\/\/images.futebolinterior.com.br\/2021\/04\/0002050039427_img-300x225.jpg","resumo":"Rec\u00e9m eliminada do reallity show A Fazenda, da TV Record, a modelo, apresentadora e ex-gata do Paulist\u00e3o, Lorena Bueri, ficou famosa por ter sido funcion\u00e1ria "},"690991":{"titulo":"Lusa, pesos e medidas","link":"https:\/\/www.futebolinterior.com.br\/lusa-pesos-e-medidas\/","chapeu":"OPINI\u00c3O","data":"29\/10\/2014","imagem":"https:\/\/images.futebolinterior.com.br\/2021\/04\/0002050039414_img-300x188.jpg","resumo":"\u200bN\u00e3o est\u00e1 muito distante. A pol\u00eamica dos quatro pontos perdidos pela Portuguesa de Desportos por escalar irregularmente o jogador H\u00e9verton"},"691032":{"titulo":"E se... S\u00e3o Paulo se separasse do Brasil. Qual sele\u00e7\u00e3o seria melhor?","link":"https:\/\/www.futebolinterior.com.br\/e-se-sao-paulo-se-separasse-do-brasil-qual-selecao-seria-melhor\/","chapeu":"ESPECIAL!","data":"29\/10\/2014","imagem":"https:\/\/images.futebolinterior.com.br\/2021\/04\/0002050039384_img-300x200.jpg","resumo":"A reelei\u00e7\u00e3o da presidenta Dilma Rousseff (PT), no \u00faltimo domingo, causou um grande movimento nas redes sociais pedindo a \u201csepara\u00e7\u00e3o\u201d de S\u00e3o Paulo do restante do Brasil."},"691082":{"titulo":"Rio Claro acerta com volante Al\u00ea, ex-S\u00e3o Paulo, para o Paulist\u00e3o","link":"https:\/\/www.futebolinterior.com.br\/rio-claro-acerta-com-volante-ale-ex-sao-paulo-para-o-paulistao\/","chapeu":"6.\u00ba REFOR\u00c7O","data":"29\/10\/2014","imagem":"https:\/\/images.futebolinterior.com.br\/2021\/04\/0002050039355_img-300x196.jpg","resumo":"Al\u00ea mostrou-se animado em vestir a camisa do Rio Claro na pr\u00f3xima temporada"},"691117":{"titulo":"Emissora de TV divulga v\u00eddeo de suposta agress\u00e3o de Maradona \u00e0 Roc\u00edo Oliva. Confira!","link":"https:\/\/www.futebolinterior.com.br\/emissora-de-tv-divulga-video-de-suposta-agressao-de-maradona-a-rocio-oliva-confira\/","chapeu":"CALMA L\u00c1, PIBE!","data":"29\/10\/2014","imagem":0,"resumo":"Horas depois de Diego Maradona garantir que nunca tinha batido em uma mulher, um programa de televis\u00e3o argentino divulgou, nesta ter\u00e7a-feira, um v\u00eddeo de uma suposta agress\u00e3o "},"691119":{"titulo":"\u00cddolo sueco de duas Copas, Klas Ingesson morre aos 46 anos","link":"https:\/\/www.futebolinterior.com.br\/idolo-sueco-de-duas-copas-klas-ingesson-morre-aos-46-anos\/","chapeu":"LUTO!","data":"29\/10\/2014","imagem":"https:\/\/images.futebolinterior.com.br\/2021\/04\/0002050039327_img-224x300.jpg","resumo":"Klas Ingesson, que defendeu a Su\u00e9cia nas Copas do Mundo de 1990 e 1994 e \u00e9 considerado um \u00eddolo em seu pa\u00eds, morreu nesta quarta-feira, aos 46 anos de idade, v\u00edtima de um c\u00e2ncer"}}