{"524385":{"titulo":"Zagueiro 'segue passos de Chulapa' e vira personalidade no Instagram","link":"https:\/\/www.futebolinterior.com.br\/zagueiro-segue-passos-de-chulapa-e-vira-personalidade-no-instagram\/","chapeu":"'MEUS QUERIDOS'","data":"22\/09\/2016","imagem":0,"resumo":"A internet costuma fazer \u00eddolos no futebol, independente da atua\u00e7\u00e3o dentro dos gramados"},"524182":{"titulo":"Segundona: Algoz do Tabo\u00e3o em 2015, Aldir pode repetir feito pela Portuguesa Santista","link":"https:\/\/www.futebolinterior.com.br\/segundona-algoz-do-taboao-em-2015-aldir-pode-repetir-feito-pela-portuguesa-santista\/","chapeu":"SER\u00c1?","data":"21\/09\/2016","imagem":"https:\/\/images.futebolinterior.com.br\/2021\/04\/0002050197141_img-300x200.png","resumo":"Centroavante anotou o \u00fanico gol do primeiro confronto da semifinal no \u00faltimo final de semana "},"524639":{"titulo":"Segundona: Tabo\u00e3o da Serra quer terceiro t\u00edtulo estadual. CONFIRA!","link":"https:\/\/www.futebolinterior.com.br\/segundona-taboao-da-serra-quer-terceiro-titulo-estadual-confira\/","chapeu":"ESPECIAL!","data":"21\/09\/2016","imagem":"https:\/\/images.futebolinterior.com.br\/2021\/04\/0002050197109_img-300x225.jpg","resumo":"CATS tem duas ta\u00e7as oficiais: Paulista B2, de 2004, e Paulista Segunda Divis\u00e3o, de 2010"},"524262":{"titulo":"Segundona: Portuguesa Santista faz promo\u00e7\u00e3o de ingressos para jogo contra o Tabo\u00e3o","link":"https:\/\/www.futebolinterior.com.br\/segundona-portuguesa-santista-faz-promocao-de-ingressos-para-jogo-contra-o-taboao\/","chapeu":"CASA CHEIA!?","data":"21\/09\/2016","imagem":"https:\/\/images.futebolinterior.com.br\/2021\/04\/0002050197090_img-300x200.jpg","resumo":"Torcedores da Briosa pagam R$ 10 na arquibancada; cadeiras cobertas permanecem com o pre\u00e7o inalterado: R$ 30 (inteira) e R$ 15 (meia)"},"525610":{"titulo":"Segundona: Em ano excepcional, ex-Mauaense Jorge Mau\u00e1 analisa campanha da equipe","link":"https:\/\/www.futebolinterior.com.br\/segundona-em-ano-excepcional-ex-mauaense-jorge-maua-analisa-campanha-da-equipe\/","chapeu":"FALA ARTILHEIRO","data":"21\/09\/2016","imagem":"https:\/\/images.futebolinterior.com.br\/2021\/04\/0002050197051_img-300x225.jpg","resumo":"Principal destaque do time, o atacante se coloca entre os artilheiros do Brasil e avisa que em breve anunciar\u00e1 seu novo clube"},"524314":{"titulo":"Segundona: Confira belas imagens do duelo entre XV de Ja\u00fa e Desportivo Brasil","link":"https:\/\/www.futebolinterior.com.br\/segundona-confira-belas-imagens-do-duelo-entre-xv-de-jau-e-desportivo-brasil\/","chapeu":"T\u00c1 BONITO!","data":"21\/09\/2016","imagem":0,"resumo":"No \u00faltimo domingo, o DB venceu o Galo da Comarca, por 2 a 1, no est\u00e1dio Zezinho Magalh\u00e3es"},"524334":{"titulo":"Segundona: Axel se inspira no passado recente para buscar acesso com Tabo\u00e3o da Serra","link":"https:\/\/www.futebolinterior.com.br\/segundona-axel-se-inspira-no-passado-recente-para-buscar-acesso-com-taboao-da-serra\/","chapeu":"ACREDITANDO!","data":"21\/09\/2016","imagem":"https:\/\/images.futebolinterior.com.br\/2021\/04\/0002050196983_img-300x200.jpg","resumo":"CATS ter\u00e1 que vencer Portuguesa Santista por dois gols de diferen\u00e7a para ficar com uma das vagas no Paulista A3 de 2017"},"524538":{"titulo":"Segundona: Depois de subir com o Rio Preto, \u00c9dipo tenta acesso com Desportivo Brasil","link":"https:\/\/www.futebolinterior.com.br\/segundona-depois-de-subir-com-o-rio-preto-edipo-tenta-acesso-com-desportivo-brasil\/","chapeu":"MAIS UM?!","data":"20\/09\/2016","imagem":"https:\/\/images.futebolinterior.com.br\/2021\/04\/0002050196817_img-300x200.jpg","resumo":"Atacante anotou dois gols na primeira partida das semifinais, quando o DB venceu o XV de Ja\u00fa por 2 a 1"},"524503":{"titulo":"Segundona: Baroninho lamenta derrota do XV de Ja\u00fa, mas confia em recupera\u00e7\u00e3o","link":"https:\/\/www.futebolinterior.com.br\/segundona-baroninho-lamenta-derrota-do-xv-de-jau-mas-confia-em-recuperacao\/","chapeu":"T\u00c1 CONFIANTE!?","data":"20\/09\/2016","imagem":"https:\/\/images.futebolinterior.com.br\/2021\/04\/0002050196814_img-300x200.jpg","resumo":"Comandante jauense apontou as dificuldades, por\u00e9m n\u00e3o jogou a toalha para o confronto de s\u00e1bado (24) "},"524974":{"titulo":"Segundona: Desportivo Brasil confirma Futebol Sustent\u00e1vel para decis\u00e3o com XV de Ja\u00fa","link":"https:\/\/www.futebolinterior.com.br\/segundona-desportivo-brasil-confirma-futebol-sustentavel-para-decisao-com-xv-de-jau\/","chapeu":"SHOWSTENT\u00c1VEL!","data":"20\/09\/2016","imagem":"https:\/\/images.futebolinterior.com.br\/2021\/04\/0002050196809_img-300x220.jpg","resumo":"O grande idealizador do Projeto Futebol Sustent\u00e1vel \u00e9 o presidente da Federa\u00e7\u00e3o Paulista de Futebol, Reinaldo Carneiro Bastos"}}